{"id":97,"date":"2016-11-07T22:39:45","date_gmt":"2016-11-07T20:39:45","guid":{"rendered":"https:\/\/igvau.wordpress.com\/?p=97"},"modified":"2016-11-07T22:39:45","modified_gmt":"2016-11-07T20:39:45","slug":"antrag-zur-ba-sitzung-am-8-11-2016","status":"publish","type":"post","link":"http:\/\/igvau.de\/?p=97","title":{"rendered":"Antr\u00e4ge zur BA-Sitzung am 8.11.2016"},"content":{"rendered":"<p>F\u00fcr die Sitzung des BA23 hat die IG einen Antrag f\u00fcr die Verkehrsberuhigung im Bereich des Paul-Ehrlich-Wegs gestellt. Konkret geht es um eine neue <a href=\"https:\/\/igvau.wordpress.com\/2016\/11\/07\/antrag-zur-ba-sitzung-am-8-11-2016\/\">Parkregelung an der Naglerstra\u00dfe<\/a>.<\/p>\n<p>Einen weiteren Antrag hat die IG eingebracht, in dem <a href=\"http:\/\/igvau.de\/wp-content\/uploads\/2016\/11\/antrag-ba-11_16_unfallsituation-eversbuschstrac39fe.pdf\">der BA23 aufgefordert wird<\/a>, die\u00a0 B\u00fcrger \u00fcber Anzahl und Schwere der Unf\u00e4lle mit Fahrradfahrer- und Fu\u00dfg\u00e4ngerbeteiligung in der Eversbuschstra\u00dfe zu informieren.<\/p>\n<p>&nbsp;<\/p>\n<p>&nbsp;<\/p>\n","protected":false},"excerpt":{"rendered":"<p>F\u00fcr die Sitzung des BA23 hat die IG einen Antrag f\u00fcr die Verkehrsberuhigung im Bereich des Paul-Ehrlich-Wegs gestellt. Konkret geht<\/p>\n","protected":false},"author":1,"featured_media":0,"comment_status":"open","ping_status":"open","sticky":false,"template":"","format":"standard","meta":{"footnotes":""},"categories":[3,5,6],"tags":[],"class_list":["post-97","post","type-post","status-publish","format-standard","hentry","category-eversbuschstrase","category-paul-ehrlich-weg-und-goteboldstrase","category-presse"],"_links":{"self":[{"href":"http:\/\/igvau.de\/index.php?rest_route=\/wp\/v2\/posts\/97","targetHints":{"allow":["GET"]}}],"collection":[{"href":"http:\/\/igvau.de\/index.php?rest_route=\/wp\/v2\/posts"}],"about":[{"href":"http:\/\/igvau.de\/index.php?rest_route=\/wp\/v2\/types\/post"}],"author":[{"embeddable":true,"href":"http:\/\/igvau.de\/index.php?rest_route=\/wp\/v2\/users\/1"}],"replies":[{"embeddable":true,"href":"http:\/\/igvau.de\/index.php?rest_route=%2Fwp%2Fv2%2Fcomments&post=97"}],"version-history":[{"count":0,"href":"http:\/\/igvau.de\/index.php?rest_route=\/wp\/v2\/posts\/97\/revisions"}],"wp:attachment":[{"href":"http:\/\/igvau.de\/index.php?rest_route=%2Fwp%2Fv2%2Fmedia&parent=97"}],"wp:term":[{"taxonomy":"category","embeddable":true,"href":"http:\/\/igvau.de\/index.php?rest_route=%2Fwp%2Fv2%2Fcategories&post=97"},{"taxonomy":"post_tag","embeddable":true,"href":"http:\/\/igvau.de\/index.php?rest_route=%2Fwp%2Fv2%2Ftags&post=97"}],"curies":[{"name":"wp","href":"https:\/\/api.w.org\/{rel}","templated":true}]}}