{"id":689,"date":"2023-04-27T09:36:10","date_gmt":"2023-04-27T08:36:10","guid":{"rendered":"http:\/\/igvau.de\/?p=689"},"modified":"2023-04-27T11:01:20","modified_gmt":"2023-04-27T10:01:20","slug":"es-ist-geschafft-tempo-30-in-der-eversbuschstrasse","status":"publish","type":"post","link":"http:\/\/igvau.de\/?p=689","title":{"rendered":"Es ist geschafft: Tempo 30 in der Eversbuschstra\u00dfe"},"content":{"rendered":"\n<figure class=\"wp-block-image size-post-thumbnail\"><img loading=\"lazy\" decoding=\"async\" width=\"1360\" height=\"765\" src=\"http:\/\/igvau.de\/wp-content\/uploads\/2023\/04\/EversbuschstrasseTempo30-2-1360x765.jpg\" alt=\"Tempo 30 Schild\" class=\"wp-image-690\"\/><\/figure>\n\n\n\n<p><strong>Es ist vollbracht &#8211; in der Eversbuschstra\u00dfe gilt jetzt Tempo 30 in allen stark bewohnten Bereichen! <\/strong><\/p>\n\n\n\n<p>Von der Kreuzung mit der Allacher Stra\u00dfe bis hinter der Allacher Kirche (St. Peter und Paul) ist die Geschwindigkeit jetzt ganztags auf <strong>Tempo 30 <\/strong>reduziert. Unsere vielfachen Antr\u00e4ge an den Bezirksausschuss wurden damit vom Mobilit\u00e4tsreferat der Stadt M\u00fcnchen umgesetzt.<\/p>\n\n\n\n<p>Schulkinder und Fu\u00dfg\u00e4nger jeden Alters k\u00f6nnen jetzt die vielbefahrene Stra\u00dfe leichter queren. Und auch das Radfahren auf der Eversbuschstra\u00dfe ist bereits jetzt angenehmer. Nicht zuletzt werden die dort bisher zu starke L\u00e4rmbelastung und der zu hohe NOx Aussto\u00df zur\u00fcckgehen. <\/p>\n\n\n\n<p>Wir danken allen Mitstreiter:innen f\u00fcr die Unterst\u00fctzung &#8211; vor allem auch denen im Bezirksausschuss 23. Und hoffen, dass die bisherigen Kritiker (auch im Bezirksausschuss) sich vom Ergebnis \u00fcberzeugen werden.<\/p>\n","protected":false},"excerpt":{"rendered":"<p>Es ist vollbracht &#8211; in der Eversbuschstra\u00dfe gilt jetzt Tempo 30 in allen stark bewohnten Bereichen! Von der Kreuzung mit<\/p>\n","protected":false},"author":1,"featured_media":0,"comment_status":"open","ping_status":"open","sticky":true,"template":"","format":"standard","meta":{"footnotes":""},"categories":[26,3,9],"tags":[],"class_list":["post-689","post","type-post","status-publish","format-standard","hentry","category-erfolge","category-eversbuschstrase","category-umwelt"],"_links":{"self":[{"href":"http:\/\/igvau.de\/index.php?rest_route=\/wp\/v2\/posts\/689","targetHints":{"allow":["GET"]}}],"collection":[{"href":"http:\/\/igvau.de\/index.php?rest_route=\/wp\/v2\/posts"}],"about":[{"href":"http:\/\/igvau.de\/index.php?rest_route=\/wp\/v2\/types\/post"}],"author":[{"embeddable":true,"href":"http:\/\/igvau.de\/index.php?rest_route=\/wp\/v2\/users\/1"}],"replies":[{"embeddable":true,"href":"http:\/\/igvau.de\/index.php?rest_route=%2Fwp%2Fv2%2Fcomments&post=689"}],"version-history":[{"count":1,"href":"http:\/\/igvau.de\/index.php?rest_route=\/wp\/v2\/posts\/689\/revisions"}],"predecessor-version":[{"id":691,"href":"http:\/\/igvau.de\/index.php?rest_route=\/wp\/v2\/posts\/689\/revisions\/691"}],"wp:attachment":[{"href":"http:\/\/igvau.de\/index.php?rest_route=%2Fwp%2Fv2%2Fmedia&parent=689"}],"wp:term":[{"taxonomy":"category","embeddable":true,"href":"http:\/\/igvau.de\/index.php?rest_route=%2Fwp%2Fv2%2Fcategories&post=689"},{"taxonomy":"post_tag","embeddable":true,"href":"http:\/\/igvau.de\/index.php?rest_route=%2Fwp%2Fv2%2Ftags&post=689"}],"curies":[{"name":"wp","href":"https:\/\/api.w.org\/{rel}","templated":true}]}}