{"id":548,"date":"2021-03-30T15:00:03","date_gmt":"2021-03-30T14:00:03","guid":{"rendered":"http:\/\/igvau.de\/?p=548"},"modified":"2023-04-27T13:50:27","modified_gmt":"2023-04-27T12:50:27","slug":"igvau-forderung-nach-tempo-30-in-der-eversbuschstrasse-initiative-prueft-klage-in-der-hallo-muenchen","status":"publish","type":"post","link":"http:\/\/igvau.de\/?p=548","title":{"rendered":"Alt: IGVAU-Forderung nach Tempo 30 in der Eversbuschstra\u00dfe: &#8222;Initiative pr\u00fcft Klage&#8220; in der Hallo M\u00fcnchen"},"content":{"rendered":"\n<p>Dieser Beitrag bezieht sich auf ein erledigtes Thema. Siehe &#8222;<a href=\"http:\/\/igvau.de\/?p=689\">Es ist geschafft: Tempo 30 in der Eversbuschstra\u00dfe<\/a>&#8222;<\/p>\n\n\n\n<p><em>Die Hallo M\u00fcnchen berichtete am 12.03.2021 \u00fcber unsere Forderung nach Tempo 30 in der Eversbuschstra\u00dfe und unsere Klage-Pr\u00fcfung. <\/em><\/p>\n\n\n\n<p><a href=\"http:\/\/igvau.de\/wp-content\/uploads\/2021\/03\/210312-Tempo-30-Everbusch-in-der-Hallo.jpg\" data-type=\"URL\" data-id=\"http:\/\/igvau.de\/wp-content\/uploads\/2021\/03\/210312-Tempo-30-Everbusch-in-der-Hallo.jpg\" target=\"_blank\" rel=\"noreferrer noopener\"><img loading=\"lazy\" decoding=\"async\" width=\"200\" height=\"422\" class=\"wp-image-550\" style=\"width: 200px;\" src=\"http:\/\/igvau.de\/wp-content\/uploads\/2021\/03\/210312-Tempo-30-Everbusch-in-der-Hallo.jpg\" alt=\"\" srcset=\"http:\/\/igvau.de\/wp-content\/uploads\/2021\/03\/210312-Tempo-30-Everbusch-in-der-Hallo.jpg 606w, http:\/\/igvau.de\/wp-content\/uploads\/2021\/03\/210312-Tempo-30-Everbusch-in-der-Hallo-142x300.jpg 142w, http:\/\/igvau.de\/wp-content\/uploads\/2021\/03\/210312-Tempo-30-Everbusch-in-der-Hallo-485x1024.jpg 485w\" sizes=\"auto, (max-width: 200px) 100vw, 200px\" \/><\/a><\/p>\n\n\n\n<p><\/p>\n","protected":false},"excerpt":{"rendered":"<p>Dieser Beitrag bezieht sich auf ein erledigtes Thema. Siehe &#8222;Es ist geschafft: Tempo 30 in der Eversbuschstra\u00dfe&#8222; Die Hallo M\u00fcnchen<\/p>\n","protected":false},"author":1,"featured_media":0,"comment_status":"open","ping_status":"open","sticky":false,"template":"","format":"standard","meta":{"footnotes":""},"categories":[2,3,9,12],"tags":[],"class_list":["post-548","post","type-post","status-publish","format-standard","hentry","category-allgemein","category-eversbuschstrase","category-umwelt","category-verkehrskonzept"],"_links":{"self":[{"href":"http:\/\/igvau.de\/index.php?rest_route=\/wp\/v2\/posts\/548","targetHints":{"allow":["GET"]}}],"collection":[{"href":"http:\/\/igvau.de\/index.php?rest_route=\/wp\/v2\/posts"}],"about":[{"href":"http:\/\/igvau.de\/index.php?rest_route=\/wp\/v2\/types\/post"}],"author":[{"embeddable":true,"href":"http:\/\/igvau.de\/index.php?rest_route=\/wp\/v2\/users\/1"}],"replies":[{"embeddable":true,"href":"http:\/\/igvau.de\/index.php?rest_route=%2Fwp%2Fv2%2Fcomments&post=548"}],"version-history":[{"count":6,"href":"http:\/\/igvau.de\/index.php?rest_route=\/wp\/v2\/posts\/548\/revisions"}],"predecessor-version":[{"id":693,"href":"http:\/\/igvau.de\/index.php?rest_route=\/wp\/v2\/posts\/548\/revisions\/693"}],"wp:attachment":[{"href":"http:\/\/igvau.de\/index.php?rest_route=%2Fwp%2Fv2%2Fmedia&parent=548"}],"wp:term":[{"taxonomy":"category","embeddable":true,"href":"http:\/\/igvau.de\/index.php?rest_route=%2Fwp%2Fv2%2Fcategories&post=548"},{"taxonomy":"post_tag","embeddable":true,"href":"http:\/\/igvau.de\/index.php?rest_route=%2Fwp%2Fv2%2Ftags&post=548"}],"curies":[{"name":"wp","href":"https:\/\/api.w.org\/{rel}","templated":true}]}}