{"id":509,"date":"2021-03-03T11:39:27","date_gmt":"2021-03-03T10:39:27","guid":{"rendered":"http:\/\/igvau.de\/?p=509"},"modified":"2021-03-05T09:26:53","modified_gmt":"2021-03-05T08:26:53","slug":"sanierung-allacher-tunnel-autobahn-gmbh-will-die-variante-mit-der-groessten-verkehrsbelastung-waehlen","status":"publish","type":"post","link":"http:\/\/igvau.de\/?p=509","title":{"rendered":"Sanierung Allacher Tunnel &#8211; Autobahn GmbH will die Variante mit der gr\u00f6\u00dften Verkehrsbelastung w\u00e4hlen"},"content":{"rendered":"\n<p>Der Allacher Tunnel muss saniert werden. Grund sind Baum\u00e4ngel (wie bei vielen Tunnelbauten der 80er\/90er Jahre), durch die das Streusalz zu Korrosionen f\u00fchrt. In diesem Zug soll auch eine &#8222;tempor\u00e4re Seitenstreifenfreigabe&#8220; erm\u00f6glicht werden, um die Kapazit\u00e4t des Tunnels zu erweitern.<\/p>\n\n\n\n<p>In der Februarsitzung des Bezirksausschusses hat die daf\u00fcr zust\u00e4ndige &#8222;Autobahn Deutschland GmbH&#8220; vorgestellt, wie sie sich die Bauma\u00dfnahme vorstellt.  <\/p>\n\n\n\n<p>Es gibt dazu einen 53 Seiten langen Planfeststellungsentwurf, <a href=\"https:\/\/tunnel-allach.de\/planfeststellungsunterlagen\/\">der auch im Internet einsehbar ist<\/a>. <\/p>\n\n\n\n<p>Wir bef\u00fcrworten die Sanierung des Allacher Tunnels und die tempor\u00e4re Seitenstreifenfreigabe. Im Planfeststellungsentwurf wird jedoch beschrieben, dass die Arbeiten im Allacher Tunnel 5 Jahre dauern werden, w\u00e4hrend dieser Zeit immer eine Tunnelr\u00f6hre gesperrt werden soll und durch die geringere Kapazit\u00e4t der Verkehrsf\u00fchrung in der anderen Tunnelr\u00f6hre sich <strong>t\u00e4glich 30.000 Fahrzeuge<\/strong> andere Wege \u00fcber die B 471, durch Allach, Untermenzing und Obermenzing suchen werden.<\/p>\n\n\n\n<p>Dies k\u00f6nnen wir nicht hinnehmen und akzeptieren. Wir m\u00fcssen gegen die im Planfeststellungsantrag beschriebene Verkehrsf\u00fchrung w\u00e4hrend der Bauzeit im Allacher Tunnel Einspruch einlegen. &nbsp;<br><strong>Die Zeit dr\u00e4ngt! Die Einspruchsfrist gegen den Entwurf endet bereits am 15.03.2021!<\/strong><\/p>\n\n\n\n<p>Die \u201eDurchf\u00fchrung der Bauma\u00dfnahme&#8220; nimmt im Planfeststellungsantrag nur die letzten 3 Seiten ein. Dazu gibt es ein spezielles Gutachten zur \u201eBauzeitlichen Verkehrsf\u00fchrung&#8220;, das die Mehrbelastung mit Verkehr auf den Hauptverkehrsstra\u00dfen in unseren Stadtteilen darstellt.<\/p>\n\n\n\n<p>Hier der Inhalt kurz zusammengefasst:<\/p>\n\n\n\n<ol class=\"wp-block-list\" type=\"1\"><li>Bauzeit f\u00fcr die \u201etempor\u00e4re &nbsp;Seitenstreifenfreigabe&#8220; au\u00dferhalb der Tunnels zwischen Kreuz Allach und Kreuz Ludwigsfeld: 2 Jahre (2022-2024)<\/li><li>Bauzeit f\u00fcr die Sanierung des Tunnels und die tempor\u00e4ren Seitenstreifen im Tunnel: 5 Jahre (2024-2028)<\/li><li>F\u00fcr die Bauzeit der Tunnelsanierung gibt es zwei Varianten. <strong>Die Autobahn GmbH will sich f\u00fcr die Variante entscheiden, die die dreifache Verkehrsbelastung f\u00fcr den M\u00fcnchner Westen bedeutet:<\/strong><br><\/li><\/ol>\n\n\n\n<p><strong>Variante 1 <\/strong>Es wird jeweils eine Tunnelr\u00f6hre komplett gesperrt, in der anderen 4 Fahrstreifen f\u00fcr beide Richtungen freigegeben (&#8222;4+0 Verkehrsf\u00fchrung&#8220;).<\/p>\n\n\n\n<ul class=\"wp-block-list\"><li>Bauzeit 5 Jahre<\/li><li>ist die &#8222;sicherere Variante&#8220; f\u00fcr die Bauarbeiter im Tunnel<\/li><li>f\u00fchrt zur einem <strong>Ausweichverkehr von t\u00e4glich <span class=\"has-inline-color has-primary-color\">30.000 Fahrzeugen<\/span><\/strong>: 5.000 \u2013 7.000 KFZ auf die B471 und 5.000 \u2013 11.000 KFZ auf Verdistra\u00dfe\/Wintrichring. <strong>F\u00fcr die Eversbuschstra\u00dfe bedeutet das +1.600 KFZ (n\u00f6rdlich Ludwigsfelder Stra\u00dfe) und +2.900 KFZ (s\u00fcdlich Ludwigsfelder).<\/strong><\/li><\/ul>\n\n\n\n<p><strong>Variante 2 <\/strong>Es wird jeweils eine Tunnelr\u00f6hre halb gesperrt, die andere bleibt freigegeben (&#8222;4+2 Verkehrsf\u00fchrung&#8220;).<\/p>\n\n\n\n<ul class=\"wp-block-list\" type=\"1\"><li>Bauzeit <strong>6<\/strong> Jahre<\/li><li>f\u00fchrt zur einem <strong>Ausweichverkehr von t\u00e4glich <span style=\"color:#ff7700\" class=\"has-inline-color\">12.000 Fahrzeugen<\/span><\/strong>: 2.000 \u2013 3.000 KFZ auf die B471 und 2.000 \u2013 4.000 KFZ auf Verdistra\u00dfe\/Wintrichring. <strong>F\u00fcr die Eversbuschstra\u00dfe bedeutet das +200 KPF (n\u00f6rdlich Ludwigsfelder Stra\u00dfe) und +1.100 KFZ (s\u00fcdlich Ludwigsfelder Stra\u00dfe).<\/strong><\/li><\/ul>\n\n\n\n<p>Die einschl\u00e4gigen Unterlagen sind unten verlinkt. Alle Unterlagen k\u00f6nnen auf <a href=\"http:\/\/www.tunnel-allach.de\" data-type=\"URL\" data-id=\"www.tunnel-allach.de\">www.tunnel-allach.de<\/a> eingesehen werden. <\/p>\n\n\n\n<p>Unsere Meinung: <\/p>\n\n\n\n<p><strong>Wir erheben Einspruch gegen den Vorschlag.<\/strong><\/p>\n\n\n\n<p>Die Autobahn GmbH will die f\u00fcr sich einfache L\u00f6sung und k\u00fcmmert sich nicht um die Folgen, wie die \u00dcberlastung der Stra\u00dfen im M\u00fcnchner Westen. <\/p>\n\n\n\n<p>Offensichtliche Schwachstelle des Verkehrsgutachtens ist, dass das untergeordnete Stra\u00dfensystem gar nicht betrachtet wird. <\/p>\n\n\n\n<p>Weitere Folgen werden auch nicht ber\u00fccksichtigt &#8211; dass z.B. Ausweichverkehr entsteht, wenn beispielsweise die Verdistra\u00dfe, die Von-Kahrstra\u00dfe oder der Wintrichring wegen der Zusatzbelastung \u00fcberlastet werden.<\/p>\n\n\n\n<p>Die Sicherheit der Bauarbeiter im halb befahrenen Tunnel muss nat\u00fcrlich auf jeden Fall gew\u00e4hrleistet werden. Ob dies nur dadurch m\u00f6glich ist, dass die Variante mit maximalem Ausweichverkehr \u00fcber viele Jahre gew\u00e4hlt wird, erscheint uns fraglich und muss gekl\u00e4rt werden.<\/p>\n\n\n\n<p>In dem Gutachten wird nichts Genaues zur geplanten Arbeitsintensit\u00e4t beim Tunnelbau geschrieben. Wir lesen heraus, dass hier wie eine &#8222;Standardbaustelle&#8220; gerechnet wird (250 Arbeitstage\/10.000 Arbeitsstunden). Hierzu muss gepr\u00fcft werden, ob bei Arbeiten an einer solch wichtigen Verkehrsader wie der A99 nicht 350 Tage im Jahr \u00e0 24 Stunden gearbeitet werden kann. In einem solchen Fall w\u00e4ren die notwendigen Arbeitsstunden erheblich schneller erbracht.<\/p>\n\n\n\n<p>Die Unterlagen der Autobahn GmbH:<\/p>\n\n\n\n<p><a href=\"http:\/\/igvau.de\/wp-content\/uploads\/2021\/03\/U01_SP-ABAV000900-PLF-EB.pdf\">Feststellungsentwurf<\/a><\/p>\n\n\n\n<p><a href=\"http:\/\/igvau.de\/wp-content\/uploads\/2021\/03\/U01_SP-ABAV000900-PLF-EB-A2-bauzeitliche-Verkehrsfuehrung.pdf\">Bericht Bauzeitliche Verkehrsf\u00fchrung<\/a> <\/p>\n\n\n\n<p><\/p>\n\n\n\n<p><\/p>\n\n\n\n<p><\/p>\n","protected":false},"excerpt":{"rendered":"<p>F\u00fcr die Sanierung soll eine Bauvariante gew\u00e4hlt werden, die besonders viel Verkehr in Allach-Untermenzing bedeutet.<\/p>\n","protected":false},"author":1,"featured_media":0,"comment_status":"open","ping_status":"open","sticky":false,"template":"","format":"standard","meta":{"footnotes":""},"categories":[2,3,16,21,6,12,25],"tags":[],"class_list":["post-509","post","type-post","status-publish","format-standard","hentry","category-allgemein","category-eversbuschstrase","category-gesundheit","category-petition","category-presse","category-verkehrskonzept","category-verkehrspolitik"],"_links":{"self":[{"href":"http:\/\/igvau.de\/index.php?rest_route=\/wp\/v2\/posts\/509","targetHints":{"allow":["GET"]}}],"collection":[{"href":"http:\/\/igvau.de\/index.php?rest_route=\/wp\/v2\/posts"}],"about":[{"href":"http:\/\/igvau.de\/index.php?rest_route=\/wp\/v2\/types\/post"}],"author":[{"embeddable":true,"href":"http:\/\/igvau.de\/index.php?rest_route=\/wp\/v2\/users\/1"}],"replies":[{"embeddable":true,"href":"http:\/\/igvau.de\/index.php?rest_route=%2Fwp%2Fv2%2Fcomments&post=509"}],"version-history":[{"count":8,"href":"http:\/\/igvau.de\/index.php?rest_route=\/wp\/v2\/posts\/509\/revisions"}],"predecessor-version":[{"id":532,"href":"http:\/\/igvau.de\/index.php?rest_route=\/wp\/v2\/posts\/509\/revisions\/532"}],"wp:attachment":[{"href":"http:\/\/igvau.de\/index.php?rest_route=%2Fwp%2Fv2%2Fmedia&parent=509"}],"wp:term":[{"taxonomy":"category","embeddable":true,"href":"http:\/\/igvau.de\/index.php?rest_route=%2Fwp%2Fv2%2Fcategories&post=509"},{"taxonomy":"post_tag","embeddable":true,"href":"http:\/\/igvau.de\/index.php?rest_route=%2Fwp%2Fv2%2Ftags&post=509"}],"curies":[{"name":"wp","href":"https:\/\/api.w.org\/{rel}","templated":true}]}}