{"id":500,"date":"2021-02-17T18:56:03","date_gmt":"2021-02-17T17:56:03","guid":{"rendered":"http:\/\/igvau.de\/?p=500"},"modified":"2023-04-27T13:52:47","modified_gmt":"2023-04-27T12:52:47","slug":"tempo-30-fuer-die-gesamte-eversbuschstrasse-antrag-abgelehnt","status":"publish","type":"post","link":"http:\/\/igvau.de\/?p=500","title":{"rendered":"Alt: Tempo 30 f\u00fcr die Eversbuschstra\u00dfe: BA leitet Antrag an die Stadt weiter; IGVAU pr\u00fcft Klage"},"content":{"rendered":"\n<p>Dieser Beitrag bezieht sich auf ein erledigtes Thema. Siehe \u201eEs ist geschafft: Tempo 30 in der Eversbuschstra\u00dfe\u201e Die Hallo M\u00fcnchen<\/p>\n\n\n\n<p>Wir haben im Januar 2021 einen Antrag zu Tempo 30 auf der Eversbuschstra\u00dfe in den Bezirksausschuss eingebracht. Details finden sich <a href=\"http:\/\/igvau.de\/?p=466\">hier<\/a>.<\/p>\n\n\n\n<p>Leider hat der Bezirksausschuss in seiner Sitzung am 09.02.2021 dem Antrag nicht zugestimmt. Stattdessen wird nun die Stadt M\u00fcnchen beauftragt, eine \u201eMachbarkeitsstudie\u201c f\u00fcr dieses Vorhaben durchzuf\u00fchren.<\/p>\n\n\n\n<p>Wie wir in Hintergrundgespr\u00e4chen erfahren haben, ist ein solches Vorgehen durchaus \u00fcblich, wenn man damit rechnet, dass der Antrag im Bezirksausschuss von der Mehrheit der vertretenen Parteien abgelehnt wird.<br>Den Wortmeldungen in der Sitzung zufolge, sind neben der FDP und der CSU offensichtlich auch einzelne Mitglieder der im BA vertretenen Gr\u00fcnen gegen Tempo 30 auf der Eversbuschstra\u00dfe.<\/p>\n\n\n\n<p><strong>IGVAU pr\u00fcft Klage<\/strong><\/p>\n\n\n\n<p>Die IGVAU hat die Argumente f\u00fcr Tempo 30 in der Eversbuschstra\u00dfe bereits in dem Antrag dargelegt. Und sieht zudem klare Parallelen zu den bereits in der N\u00e4he realisierten Tempo 30 Regelungen in der Pippinger Stra\u00dfe (= Verl\u00e4ngerung der Eversbuschstra\u00dfe), Allacher Stra\u00dfe und Offenbachstra\u00dfe. Dort wurde Tempo 30 jeweils durch \u00f6rtliche IGs im Klageverfahren erreicht. Wir warten zun\u00e4chst die Reaktion der Stadt M\u00fcnchen ab.<\/p>\n\n\n\n<p>Die Hallo M\u00fcnchen hat das auch aufgenommen und publiziert. <\/p>\n\n\n\n<p>Wenn Sie uns unterst\u00fctzen m\u00f6chten, k\u00f6nnen Sie uns gerne hier unter diesem Post einen Kommentar schreiben.<br>Auch Gegenargumente nehmen wir hier gerne auf, denn eins unserer Anliegen ist die F\u00f6rderung transparenter Meinungsbildung und Kommunikation zu verkehrspolitischen Themen im Stadtbezirk.<\/p>\n\n\n\n<p>Eine Auswahl der Kommentare werden wir dann freischalten.<\/p>\n","protected":false},"excerpt":{"rendered":"<p>Der BA23 hat den Antrag der IGVAU auf Tempo 30 an die Stadt M\u00fcnchen weitergeleitet. Eine direkte Zustimmung ist an CSU, FDP und auch Teilen der Gr\u00fcnen gescheitert.<\/p>\n","protected":false},"author":1,"featured_media":0,"comment_status":"open","ping_status":"open","sticky":false,"template":"","format":"standard","meta":{"footnotes":""},"categories":[3,25],"tags":[],"class_list":["post-500","post","type-post","status-publish","format-standard","hentry","category-eversbuschstrase","category-verkehrspolitik"],"_links":{"self":[{"href":"http:\/\/igvau.de\/index.php?rest_route=\/wp\/v2\/posts\/500","targetHints":{"allow":["GET"]}}],"collection":[{"href":"http:\/\/igvau.de\/index.php?rest_route=\/wp\/v2\/posts"}],"about":[{"href":"http:\/\/igvau.de\/index.php?rest_route=\/wp\/v2\/types\/post"}],"author":[{"embeddable":true,"href":"http:\/\/igvau.de\/index.php?rest_route=\/wp\/v2\/users\/1"}],"replies":[{"embeddable":true,"href":"http:\/\/igvau.de\/index.php?rest_route=%2Fwp%2Fv2%2Fcomments&post=500"}],"version-history":[{"count":7,"href":"http:\/\/igvau.de\/index.php?rest_route=\/wp\/v2\/posts\/500\/revisions"}],"predecessor-version":[{"id":694,"href":"http:\/\/igvau.de\/index.php?rest_route=\/wp\/v2\/posts\/500\/revisions\/694"}],"wp:attachment":[{"href":"http:\/\/igvau.de\/index.php?rest_route=%2Fwp%2Fv2%2Fmedia&parent=500"}],"wp:term":[{"taxonomy":"category","embeddable":true,"href":"http:\/\/igvau.de\/index.php?rest_route=%2Fwp%2Fv2%2Fcategories&post=500"},{"taxonomy":"post_tag","embeddable":true,"href":"http:\/\/igvau.de\/index.php?rest_route=%2Fwp%2Fv2%2Ftags&post=500"}],"curies":[{"name":"wp","href":"https:\/\/api.w.org\/{rel}","templated":true}]}}