{"id":493,"date":"2023-04-27T14:38:13","date_gmt":"2023-04-27T13:38:13","guid":{"rendered":"http:\/\/igvau.de\/?p=493"},"modified":"2023-06-07T11:54:49","modified_gmt":"2023-06-07T10:54:49","slug":"eine-ampel-fuer-der-kreuzung-eversbuschstrasse-st-johann-strasse","status":"publish","type":"post","link":"http:\/\/igvau.de\/?p=493","title":{"rendered":"Eine Ampel f\u00fcr die Kreuzung Eversbuschstra\u00dfe \/ St.-Johann-Stra\u00dfe"},"content":{"rendered":"\n<figure class=\"wp-block-image size-large\"><img loading=\"lazy\" decoding=\"async\" width=\"1024\" height=\"647\" src=\"http:\/\/igvau.de\/wp-content\/uploads\/2023\/04\/Ampel-St-Johann2-1024x647.jpg\" alt=\"\" class=\"wp-image-699\" srcset=\"http:\/\/igvau.de\/wp-content\/uploads\/2023\/04\/Ampel-St-Johann2-1024x647.jpg 1024w, http:\/\/igvau.de\/wp-content\/uploads\/2023\/04\/Ampel-St-Johann2-300x190.jpg 300w, http:\/\/igvau.de\/wp-content\/uploads\/2023\/04\/Ampel-St-Johann2-768x485.jpg 768w, http:\/\/igvau.de\/wp-content\/uploads\/2023\/04\/Ampel-St-Johann2-1536x971.jpg 1536w, http:\/\/igvau.de\/wp-content\/uploads\/2023\/04\/Ampel-St-Johann2-2048x1294.jpg 2048w\" sizes=\"auto, (max-width: 1024px) 100vw, 1024px\" \/><\/figure>\n\n\n\n<p><\/p>\n\n\n\n<p><\/p>\n\n\n\n<p><\/p>\n\n\n\n<p>Update Mai 2023<br>Die Ampel ist jetzt seit einigen Wochen in Betrieb und wir freuen uns, dass die \u00dcberquerung der viel befahrenen Eversbuschstra\u00dfe jetzt f\u00fcr alle einfacher und sicherer ist. <br>Zwischenzeitlich wurde sie f\u00fcr eine kurze Zeit wegen weiterer Bauarbeiten wieder au\u00dfer Betrieb genommen, denn die Borsteinkanten wurden abgesenkt &#8211; so ist die \u00dcberquerung jetzt vollst\u00e4ndig barrierefrei.<\/p>\n\n\n\n<p>Update April 2023: <br>Diese Forderung der IGVAU steht kurz vor der Erf\u00fcllung. Die Ampel wurde bereits baulich fertiggestellt. Derzeit sind die Lichter noch verh\u00fcllt. Einen Termin f\u00fcr die Inbetriebnahme ver\u00f6ffentlichen wir hier, sobald wir Weiteres erfahren.<\/p>\n\n\n\n<p><\/p>\n\n\n\n<p class=\"has-large-font-size\"><\/p>\n\n\n\n<p>Januar 2021: <br>Eine unserer langj\u00e4hrigen Forderungen wird erf\u00fcllt: Es wird eine Ampel an der Kreuzung Eversbuschstra\u00dfe \/ St.-Johann-Stra\u00dfe geben. <br>Wir finden das einen sch\u00f6nen Erfolg &#8211; Beharrlichkeit bei B\u00fcrgeranliegen zahlt sich aus!<br>&nbsp;<br>Vom Vorsitzenden des Bezirksausschusses, Herrn Fuckerieder, haben wir folgendes erfahren:<br>&nbsp;<\/p>\n\n\n\n<ol class=\"wp-block-list\">\n<li>Die Ampel wird kommen.<\/li>\n\n\n\n<li>Den genauen Zeitpunkt kann man noch nicht sagen, dies entscheidet die Stadt M\u00fcnchen bzw. das zust\u00e4ndige Referat.<br>&nbsp;<\/li>\n<\/ol>\n\n\n\n<h2 class=\"wp-block-heading\">#<\/h2>\n\n\n\n<p>Details zur Ampel hier (in der Amtssprache eine &#8222;Fu\u00dfg\u00e4ngerschutzanlage&#8220;):<br>&nbsp;<a href=\"\nhttps:\/\/www.ris-muenchen.de\/RII\/BA-RII\/topmitvorgang_details.jsp?Id=6400817\"><br>https:\/\/www.ris-muenchen.de\/RII\/BA-RII\/topmitvorgang_details.jsp?Id=6400817<\/a><br>&nbsp;<br>Zum Zeitpunkt ist die Aussage der Stadtverwaltung an den Bezirksausschuss die folgende:<br>&nbsp;<br>\u201eAufgrund der unumg\u00e4nglich n\u00f6tigen Abstimmungen, die sich durch die aktuelle Pandemiesituation verz\u00f6gern, und die Umbauma\u00dfnahmen zur Errichtung einer Ampel sowie der L\u00e4nge der Ausschreibungsverfahren und der Dauer der baulichen Umsetzung durch das Baureferat, bzw. den nach Ausschreibung dazu beauftragten Firmen, k\u00f6nnen aus heutiger Sicht keine seri\u00f6sen Aussagen gemacht werden, bis wann die Fu\u00dfg\u00e4ngerschutzanlage in Betrieb genommen werden kann.\u201c<\/p>\n\n\n\n<h2 class=\"wp-block-heading\">#<\/h2>\n\n\n\n<p>Wir bleiben an dem Thema dran und informieren hier ( <a href=\"http:\/\/www.igvau.de\">www.igvau.de<\/a> ), wenn wir N\u00e4heres in Erfahrung bringen k\u00f6nnen.<\/p>\n","protected":false},"excerpt":{"rendered":"<p>Eine unserer langj\u00e4hrigen Forderungen wird erf\u00fcllt: Es wird eine Ampel an der Kreuzung Eversbuschstra\u00dfe \/ St.-Johann-Stra\u00dfe geben.<br \/>\nWir finden das einen sch\u00f6nen Erfolg &#8211; Beharrlichkeit bei B\u00fcrgeranliegen zahlt sich aus!<\/p>\n","protected":false},"author":1,"featured_media":0,"comment_status":"open","ping_status":"open","sticky":false,"template":"","format":"standard","meta":{"footnotes":""},"categories":[26,3,25],"tags":[],"class_list":["post-493","post","type-post","status-publish","format-standard","hentry","category-erfolge","category-eversbuschstrase","category-verkehrspolitik"],"_links":{"self":[{"href":"http:\/\/igvau.de\/index.php?rest_route=\/wp\/v2\/posts\/493","targetHints":{"allow":["GET"]}}],"collection":[{"href":"http:\/\/igvau.de\/index.php?rest_route=\/wp\/v2\/posts"}],"about":[{"href":"http:\/\/igvau.de\/index.php?rest_route=\/wp\/v2\/types\/post"}],"author":[{"embeddable":true,"href":"http:\/\/igvau.de\/index.php?rest_route=\/wp\/v2\/users\/1"}],"replies":[{"embeddable":true,"href":"http:\/\/igvau.de\/index.php?rest_route=%2Fwp%2Fv2%2Fcomments&post=493"}],"version-history":[{"count":8,"href":"http:\/\/igvau.de\/index.php?rest_route=\/wp\/v2\/posts\/493\/revisions"}],"predecessor-version":[{"id":704,"href":"http:\/\/igvau.de\/index.php?rest_route=\/wp\/v2\/posts\/493\/revisions\/704"}],"wp:attachment":[{"href":"http:\/\/igvau.de\/index.php?rest_route=%2Fwp%2Fv2%2Fmedia&parent=493"}],"wp:term":[{"taxonomy":"category","embeddable":true,"href":"http:\/\/igvau.de\/index.php?rest_route=%2Fwp%2Fv2%2Fcategories&post=493"},{"taxonomy":"post_tag","embeddable":true,"href":"http:\/\/igvau.de\/index.php?rest_route=%2Fwp%2Fv2%2Ftags&post=493"}],"curies":[{"name":"wp","href":"https:\/\/api.w.org\/{rel}","templated":true}]}}