{"id":481,"date":"2021-01-20T20:34:22","date_gmt":"2021-01-20T19:34:22","guid":{"rendered":"http:\/\/igvau.de\/?p=481"},"modified":"2021-03-03T20:49:49","modified_gmt":"2021-03-03T19:49:49","slug":"igvau-beim-neujahrsempfang-der-gruenen-im-muenchner-westen","status":"publish","type":"post","link":"http:\/\/igvau.de\/?p=481","title":{"rendered":"IGVAU beim Neujahrsempfang der Gr\u00fcnen im M\u00fcnchner Westen"},"content":{"rendered":"\n<p>Am 18.1.2021 waren wir als IGVAU von den Gr\u00fcnen-Vertretern in unserem BA23 beim digitalen Neujahrsempfang der Gr\u00fcnen im M\u00fcnchner Westen eingeladen. Es waren Mandatstr\u00e4ger von Bezirksaussch\u00fcssen, Stadtrat, Land- und Bundestag dabei (u.a. die zweite B\u00fcrgermeisterin von M\u00fcnchen, Katrin Habenschaden und MdL Hep Monatzeder und MdB Dieter Janecek). Die Idee war ein Austausch mit B\u00fcrgern vor Ort \u00fcber wahrgenommene Probleme und eine Kommunikation der von den Mandatstr\u00e4gern verfolgten Themen. \u00a0Wir haben zu einigen der uns wichtigen Themen nachgefragt und folgende Antworten erhalten: \u00a0 <\/p>\n\n\n\n<p><strong>Verkehrsberuhigung der Vesaliusstra\u00dfe<\/strong>  <\/p>\n\n\n\n<p>Aus Sicht der Gr\u00fcnen ein w\u00fcnschenswertes Ziel, aber politisch kaum durchsetzbar, da u.a. der Verkehr zum EVERS und zur S-Bahn durch diese Stra\u00dfe flie\u00dft und Alternativen nicht absehbar sind. &nbsp; <\/p>\n\n\n\n<p><strong>Dialogdisplays im Stadtviertel<\/strong> &nbsp; <\/p>\n\n\n\n<p>Bisher durften nach einem schon \u00e4lteren Beschluss des Stadtrates in M\u00fcnchen keine Dialogdisplays aufgestellt werden. Hierzu gibt es eine auf 2 Jahre angelegte Versuchs- und Evaluationsphase seitens der Stadt M\u00fcnchen, die noch l\u00e4uft. Es sieht aber sehr danach aus, dass diese Displays m\u00f6glich sein werden. Die Bezirksaussch\u00fcsse haben auch ein Budget, aus dem dann u.a. diese Displays bezuschusst werden d\u00fcrfen. &nbsp; &nbsp; <\/p>\n\n\n\n<p><strong>H\u00f6here Transparenz verkehrspolitischer Entscheidungen und Kommunikation<\/strong> &nbsp; <\/p>\n\n\n\n<p>Wir haben angemerkt, dass die Formate der &#8222;B\u00fcrgersprechstunde im BA vor Ort&#8220; und der &#8222;B\u00fcrgerversammlungen&#8220; von vielen Einwohnern im Stadtbezirk als eher angestaubt empfunden wird und eine Erg\u00e4nzung um digitale Formate w\u00fcnschenswert w\u00e4re, um B\u00fcrger besser und effizienter in Kommunikation und Entscheidungen einzubinden. Wir haben erfahren, dass die Stadt M\u00fcnchen eine digitale Beteiligungsplattform plant.<\/p>\n","protected":false},"excerpt":{"rendered":"<p>Am 18.1.2021 waren wir von den Gr\u00fcnen-Vertretern in unserem BA23 beim digitalen Neujahrsempfang der Gr\u00fcnen im M\u00fcnchner Westen eingeladen.<\/p>\n","protected":false},"author":1,"featured_media":0,"comment_status":"open","ping_status":"open","sticky":false,"template":"","format":"standard","meta":{"footnotes":""},"categories":[2,12],"tags":[],"class_list":["post-481","post","type-post","status-publish","format-standard","hentry","category-allgemein","category-verkehrskonzept"],"_links":{"self":[{"href":"http:\/\/igvau.de\/index.php?rest_route=\/wp\/v2\/posts\/481","targetHints":{"allow":["GET"]}}],"collection":[{"href":"http:\/\/igvau.de\/index.php?rest_route=\/wp\/v2\/posts"}],"about":[{"href":"http:\/\/igvau.de\/index.php?rest_route=\/wp\/v2\/types\/post"}],"author":[{"embeddable":true,"href":"http:\/\/igvau.de\/index.php?rest_route=\/wp\/v2\/users\/1"}],"replies":[{"embeddable":true,"href":"http:\/\/igvau.de\/index.php?rest_route=%2Fwp%2Fv2%2Fcomments&post=481"}],"version-history":[{"count":6,"href":"http:\/\/igvau.de\/index.php?rest_route=\/wp\/v2\/posts\/481\/revisions"}],"predecessor-version":[{"id":530,"href":"http:\/\/igvau.de\/index.php?rest_route=\/wp\/v2\/posts\/481\/revisions\/530"}],"wp:attachment":[{"href":"http:\/\/igvau.de\/index.php?rest_route=%2Fwp%2Fv2%2Fmedia&parent=481"}],"wp:term":[{"taxonomy":"category","embeddable":true,"href":"http:\/\/igvau.de\/index.php?rest_route=%2Fwp%2Fv2%2Fcategories&post=481"},{"taxonomy":"post_tag","embeddable":true,"href":"http:\/\/igvau.de\/index.php?rest_route=%2Fwp%2Fv2%2Ftags&post=481"}],"curies":[{"name":"wp","href":"https:\/\/api.w.org\/{rel}","templated":true}]}}