{"id":397,"date":"2019-11-20T22:24:50","date_gmt":"2019-11-20T21:24:50","guid":{"rendered":"http:\/\/igvau.de\/?p=397"},"modified":"2020-02-03T21:30:12","modified_gmt":"2020-02-03T20:30:12","slug":"igvau-mitgliederversammlung-2019","status":"publish","type":"post","link":"http:\/\/igvau.de\/?p=397","title":{"rendered":"Einladung zur IGVAU Mitgliederversammlung 2019 am 21.11."},"content":{"rendered":"\n<p>Liebe Vereinsmitglieder, hiermit laden wir im Namen des Vereins Interessengemeinschaft Verkehrsberuhigung Allach-Untermenzing e.V. zu unserer  Jahres-Mitgliederversammlung ein am Donnerstag, den 21.&nbsp;November 2019 um 18.00 Uhr im Gasthaus zur Schie\u00dfst\u00e4tte, Servetstr. 1, 80999 M\u00fcnchen. &nbsp; <\/p>\n\n\n\n<p>Tagesordnung: <\/p>\n\n\n\n<ol class=\"wp-block-list\"><li>Begr\u00fcssung und Er\u00f6ffnung der Mitgliederversammlung<\/li><li>Wahl des Versammlungsleiters sowie Bestimmung des Protokollf\u00fchrers<\/li><li>Feststellung der ordnungsgem\u00e4\u00dfen Einladung<\/li><li>Feststellung der Beschlussf\u00e4higkeit&nbsp;<\/li><li>Erg\u00e4nzung und Genehmigung der Tagesordnung<\/li><li>Jahresbericht des Vorstandes f\u00fcr das abgelaufene Kalenderjahr<\/li><li>Finanzbericht des Schatzmeisters<\/li><li>Bericht der Rechnungspr\u00fcferin<\/li><li>Entlastung des Vorstands<\/li><li>Neuwahl des Vorstands<\/li><li>Behandlung satzungsgem\u00e4\u00df gestellter Antr\u00e4ge<\/li><li>Diskussion der Zielsetzungen f\u00fcr das kommende Jahr,&nbsp;vor allem im Hinblick auf die Kommunalwahl<\/li><li>Verschiedenes<\/li><\/ol>\n\n\n\n<p>Es  k\u00f6nnen Antr\u00e4ge vorher gestellt werden. Diese k\u00f6nnen vor der Versammlung  beim Vorstand schriftlich (z.B. per email) eingereicht werden oder in  der Mitgliederversammlung zu Protokoll gegeben werden. Um zahlreiches  Erscheinen wird gebeten! <\/p>\n\n\n\n<p>Mit besten Gr\u00fc\u00dfen <br>Eberhard Witthoff f\u00fcr den Vorstand <\/p>\n\n\n\n<p>Bernhard&nbsp;R\u00e9er, 1. Vorsitzender <br>Eberhard Witthoff, 2. Vorsitzender <br>Markus Demmel, Kassenwart <br>Martin Hafner <br>Ansgar P\u00fctz <\/p>\n","protected":false},"excerpt":{"rendered":"<p>Liebe Vereinsmitglieder, hiermit laden wir im Namen des Vereins Interessengemeinschaft Verkehrsberuhigung Allach-Untermenzing e.V. zu unserer Jahres-Mitgliederversammlung ein am Donnerstag, den<\/p>\n","protected":false},"author":1,"featured_media":0,"comment_status":"open","ping_status":"open","sticky":false,"template":"","format":"standard","meta":{"footnotes":""},"categories":[2,4],"tags":[],"class_list":["post-397","post","type-post","status-publish","format-standard","hentry","category-allgemein","category-organisatorisches"],"_links":{"self":[{"href":"http:\/\/igvau.de\/index.php?rest_route=\/wp\/v2\/posts\/397","targetHints":{"allow":["GET"]}}],"collection":[{"href":"http:\/\/igvau.de\/index.php?rest_route=\/wp\/v2\/posts"}],"about":[{"href":"http:\/\/igvau.de\/index.php?rest_route=\/wp\/v2\/types\/post"}],"author":[{"embeddable":true,"href":"http:\/\/igvau.de\/index.php?rest_route=\/wp\/v2\/users\/1"}],"replies":[{"embeddable":true,"href":"http:\/\/igvau.de\/index.php?rest_route=%2Fwp%2Fv2%2Fcomments&post=397"}],"version-history":[{"count":5,"href":"http:\/\/igvau.de\/index.php?rest_route=\/wp\/v2\/posts\/397\/revisions"}],"predecessor-version":[{"id":408,"href":"http:\/\/igvau.de\/index.php?rest_route=\/wp\/v2\/posts\/397\/revisions\/408"}],"wp:attachment":[{"href":"http:\/\/igvau.de\/index.php?rest_route=%2Fwp%2Fv2%2Fmedia&parent=397"}],"wp:term":[{"taxonomy":"category","embeddable":true,"href":"http:\/\/igvau.de\/index.php?rest_route=%2Fwp%2Fv2%2Fcategories&post=397"},{"taxonomy":"post_tag","embeddable":true,"href":"http:\/\/igvau.de\/index.php?rest_route=%2Fwp%2Fv2%2Ftags&post=397"}],"curies":[{"name":"wp","href":"https:\/\/api.w.org\/{rel}","templated":true}]}}