{"id":380,"date":"2018-10-11T21:04:16","date_gmt":"2018-10-11T20:04:16","guid":{"rendered":"http:\/\/igvau.de\/?p=380"},"modified":"2018-10-12T14:05:28","modified_gmt":"2018-10-12T13:05:28","slug":"landtagswahl-auswertung-der-politiker-antworten","status":"publish","type":"post","link":"http:\/\/igvau.de\/?p=380","title":{"rendered":"Landtagswahl &#8211; Auswertung der Politiker-Antworten"},"content":{"rendered":"<p>Vor den angeschriebenen Kandidaten haben nur die <strong>der GR\u00dcNEN, Hep Monatzeder, FDP, Klement Bezdeka und \u00d6DP, Sonja Haider<\/strong> unseren Fragebogen beantwortet. Trotz Aufforderung haben dies die Kandidaten der drei anderen Parteien innerhalb von 10 Wochen nicht getan.<\/p>\n<p>Einig sind sich die Kandidaten in vielen Dingen: Ausbau des \u00f6ffentlichen Nahverkehrs f\u00f6rdern, keine rechtlichen \u00c4nderungen von z.B. Denkmalschutz zugunstender Verkehrssicherheit und Skepsis bez\u00fcglich LKW-Durchfahrverboten auf der Eversbuschstra\u00dfe.<\/p>\n<p>Unterschiede kommen wenn es um konkrete Vorstellungen beim Ausbau des Nahverkehrs und einzelne Projekte geht:<\/p>\n<table width=\"1188\">\n<tbody>\n<tr>\n<td width=\"297\"><\/td>\n<td width=\"297\">Klement Bezdeka<\/td>\n<td width=\"297\">Hep Monatzeder<\/td>\n<td width=\"297\">Sonja Haider<\/td>\n<\/tr>\n<tr>\n<td width=\"297\">Kreative Ma\u00dfnahmen zur deutlichen Reduzierung von Autofahrten?<\/td>\n<td width=\"297\">&#8211; F\u00f6rderung von Car-Sharing<\/td>\n<td width=\"297\">&#8211; Kampagnen zur Koexistenz von Auto und Rad auf Fahrbahnen<br \/>\n&#8211; Markierungen zur optischen Stra\u00dfenraum-verschm\u00e4lerung<\/td>\n<td width=\"297\">&#8211; Autospuren auf gro\u00dfen Stra\u00dfen und Parkspuren zu Fu\u00df- und Radwegen machen<br \/>\n&#8211; alle Neubauviertel und alle S-Bahn-Stationen mit Bike- und Car-Sharing ausstatten<br \/>\n&#8211; MVG-Rad in ganz M\u00fcnchen anbieten<\/td>\n<\/tr>\n<tr>\n<td width=\"297\">U-Bahn bis Allach<\/td>\n<td width=\"297\">nein, macht die Stadt nicht. Allach hat schon 2 S-Bahn Stationen<\/td>\n<td width=\"297\">nein, Allach ist nicht genug besiedelt;<\/td>\n<td width=\"297\">ja<\/td>\n<\/tr>\n<tr>\n<td width=\"297\">\u00d6PNV<\/td>\n<td width=\"297\">ausbauen<\/td>\n<td width=\"297\">ausbauen, konkret: S-Bahn Nordring oder<br \/>\nVerl\u00e4ngerung der Tram von der Amalienburgstra\u00dfe zum Autobahnring und<br \/>\nTram von Moosach \u00fcber die Von-Kahr-Stra\u00dfe nach Westen<\/td>\n<td width=\"297\">U5 Pasing und Freiham, S-Bahnert\u00fcchtigung auf den Au\u00dfen\u00e4sten, Expressbusse<\/td>\n<\/tr>\n<tr>\n<td width=\"297\">Tempo 30 in Eversbuschstr.<\/td>\n<td width=\"297\">nein, evtl. Tempo 40<\/td>\n<td width=\"297\">ja, Tempo 30 generell in St\u00e4dten mit Ausnahmen f\u00fcr gro\u00dfe Stra\u00dfen<\/td>\n<td width=\"297\">ja, Tempo 30 generell in St\u00e4dten mit Ausnahmen f\u00fcr gro\u00dfe Stra\u00dfen<\/td>\n<\/tr>\n<tr>\n<td width=\"297\">Umgehung f\u00fcr Eversbuschstr.<\/td>\n<td width=\"297\">ja<\/td>\n<td width=\"297\">nein, schon ergebnislos gepr\u00fcft von der Stadt<\/td>\n<td width=\"297\">nein, zieht Verkehr an<\/td>\n<\/tr>\n<\/tbody>\n<\/table>\n","protected":false},"excerpt":{"rendered":"<p>Vor den angeschriebenen Kandidaten haben nur die der GR\u00dcNEN, Hep Monatzeder, FDP, Klement Bezdeka und \u00d6DP, Sonja Haider unseren Fragebogen<\/p>\n","protected":false},"author":1,"featured_media":0,"comment_status":"open","ping_status":"open","sticky":false,"template":"","format":"standard","meta":{"footnotes":""},"categories":[1],"tags":[],"class_list":["post-380","post","type-post","status-publish","format-standard","hentry","category-uncategorized"],"_links":{"self":[{"href":"http:\/\/igvau.de\/index.php?rest_route=\/wp\/v2\/posts\/380","targetHints":{"allow":["GET"]}}],"collection":[{"href":"http:\/\/igvau.de\/index.php?rest_route=\/wp\/v2\/posts"}],"about":[{"href":"http:\/\/igvau.de\/index.php?rest_route=\/wp\/v2\/types\/post"}],"author":[{"embeddable":true,"href":"http:\/\/igvau.de\/index.php?rest_route=\/wp\/v2\/users\/1"}],"replies":[{"embeddable":true,"href":"http:\/\/igvau.de\/index.php?rest_route=%2Fwp%2Fv2%2Fcomments&post=380"}],"version-history":[{"count":2,"href":"http:\/\/igvau.de\/index.php?rest_route=\/wp\/v2\/posts\/380\/revisions"}],"predecessor-version":[{"id":382,"href":"http:\/\/igvau.de\/index.php?rest_route=\/wp\/v2\/posts\/380\/revisions\/382"}],"wp:attachment":[{"href":"http:\/\/igvau.de\/index.php?rest_route=%2Fwp%2Fv2%2Fmedia&parent=380"}],"wp:term":[{"taxonomy":"category","embeddable":true,"href":"http:\/\/igvau.de\/index.php?rest_route=%2Fwp%2Fv2%2Fcategories&post=380"},{"taxonomy":"post_tag","embeddable":true,"href":"http:\/\/igvau.de\/index.php?rest_route=%2Fwp%2Fv2%2Ftags&post=380"}],"curies":[{"name":"wp","href":"https:\/\/api.w.org\/{rel}","templated":true}]}}