{"id":347,"date":"2018-09-16T20:28:56","date_gmt":"2018-09-16T19:28:56","guid":{"rendered":"http:\/\/igvau.de\/?p=347"},"modified":"2018-10-12T14:07:58","modified_gmt":"2018-10-12T13:07:58","slug":"landatswahl-2018-umfrage-der-igvau-bei-den-kandidaten","status":"publish","type":"post","link":"http:\/\/igvau.de\/?p=347","title":{"rendered":"Landatswahl 2018 &#8211; Umfrage der IGVAU bei den Kandidaten"},"content":{"rendered":"<p>Wie an den Stra\u00dfenplakatierungen nicht zu \u00fcbersehen ist, sind bald wieder Landtagswahlen in Bayern. Am 15. Oktober 2018 stehen wir B\u00fcrger wieder vor der Wahl, wem wir unsere wertvolle Stimme geben.<\/p>\n<p>Neben anderen Themen ist uns als IGVAU wichtig, wie die Kandidatinnen und Kandidaten f\u00fcr unseren Wahlbezirk zum Thema Verkehr stehen. Deswegen haben wir Anfang August 2018 einen <a href=\"http:\/\/igvau.de\/?p=350&amp;preview=true\">Fragebogen<\/a> an die folgende Kandidatin und folgenden Kandidaten geschickt. Die eingegangenen Antworten k\u00f6nnen Sie direkt anschauen. Die anderen Kandidaten haben uns leider gar keine Antworten geschickt.<\/p>\n<ul>\n<li><a href=\"http:\/\/igvau.de\/?p=356&amp;preview=true\">Klement Bezdeka, FDP<\/a><\/li>\n<li><a href=\"http:\/\/igvau.de\/?p=361&amp;preview=true\">Sonja Haider, \u00d6DP<\/a><\/li>\n<li><a href=\"http:\/\/igvau.de\/?p=372&amp;preview=true\">Hep Monatzeder, DIE GR\u00dcNEN<\/a><\/li>\n<li>Florian Ritter, SPD<span style=\"color: #ff0000;\">: keine Antwort<\/span><\/li>\n<li>Josef Schmid, CSU<span style=\"color: #ff0000;\">: keine Antwort<\/span><\/li>\n<li>Karl-Heinz Wittmann, Freie W\u00e4hler<span style=\"color: #ff0000;\">: keine Antwort<\/span><\/li>\n<\/ul>\n","protected":false},"excerpt":{"rendered":"<p>Wie an den Stra\u00dfenplakatierungen nicht zu \u00fcbersehen ist, sind bald wieder Landtagswahlen in Bayern. Am 15. Oktober 2018 stehen wir<\/p>\n","protected":false},"author":1,"featured_media":0,"comment_status":"open","ping_status":"open","sticky":false,"template":"","format":"standard","meta":{"footnotes":""},"categories":[2,4,6],"tags":[],"class_list":["post-347","post","type-post","status-publish","format-standard","hentry","category-allgemein","category-organisatorisches","category-presse"],"_links":{"self":[{"href":"http:\/\/igvau.de\/index.php?rest_route=\/wp\/v2\/posts\/347","targetHints":{"allow":["GET"]}}],"collection":[{"href":"http:\/\/igvau.de\/index.php?rest_route=\/wp\/v2\/posts"}],"about":[{"href":"http:\/\/igvau.de\/index.php?rest_route=\/wp\/v2\/types\/post"}],"author":[{"embeddable":true,"href":"http:\/\/igvau.de\/index.php?rest_route=\/wp\/v2\/users\/1"}],"replies":[{"embeddable":true,"href":"http:\/\/igvau.de\/index.php?rest_route=%2Fwp%2Fv2%2Fcomments&post=347"}],"version-history":[{"count":10,"href":"http:\/\/igvau.de\/index.php?rest_route=\/wp\/v2\/posts\/347\/revisions"}],"predecessor-version":[{"id":385,"href":"http:\/\/igvau.de\/index.php?rest_route=\/wp\/v2\/posts\/347\/revisions\/385"}],"wp:attachment":[{"href":"http:\/\/igvau.de\/index.php?rest_route=%2Fwp%2Fv2%2Fmedia&parent=347"}],"wp:term":[{"taxonomy":"category","embeddable":true,"href":"http:\/\/igvau.de\/index.php?rest_route=%2Fwp%2Fv2%2Fcategories&post=347"},{"taxonomy":"post_tag","embeddable":true,"href":"http:\/\/igvau.de\/index.php?rest_route=%2Fwp%2Fv2%2Ftags&post=347"}],"curies":[{"name":"wp","href":"https:\/\/api.w.org\/{rel}","templated":true}]}}