{"id":340,"date":"2018-03-17T20:44:36","date_gmt":"2018-03-17T19:44:36","guid":{"rendered":"http:\/\/igvau.de\/?p=340"},"modified":"2018-04-17T20:47:04","modified_gmt":"2018-04-17T19:47:04","slug":"wo-bleibt-eigentlich-das-versprochene-verkehrskonzept","status":"publish","type":"post","link":"http:\/\/igvau.de\/?p=340","title":{"rendered":"Wo bleibt eigentlich das versprochene Verkehrskonzept?"},"content":{"rendered":"<p>Auf der B\u00fcrgerversammlung im Sommer 2017 hatten wir gefordert, dass unser Stadtbezirk in die Erstellung eines Verkehrskonzeptes f\u00fcr den M\u00fcnchner Westen aufgenommen werden soll.<\/p>\n<p>Mittlerweile (M\u00e4rz 2018) haben wir eine Antwort erhalten: Die Bearbeitung des Antrags verz\u00f6gert sich mindestens bis Ende 2018.<\/p>\n<p>Was wir dazu denken, k\u00f6nnen Sie in den folgenden Zeilen lesen, die wir in leicht anderer Form auch an die Stadtverwaltung geschrieben haben:<\/p>\n<p><strong>Anmerkungen<\/strong><\/p>\n<ul>\n<li>Die Forderung nach einem \u00fcbergreifenden Verkehrskonzept besteht seitens der B\u00fcrgerschaft und des Bezirksausschusses schon l\u00e4ngere Zeit und war einer der Gr\u00fcnde daf\u00fcr, dass sich unser gemeinn\u00fctziger Verein \u201eIG Verkehrsberuhigung Allach-Untermenzing\u201c im Jahr 2016 gegr\u00fcndet hat.<\/li>\n<li>F\u00fcr sehr \u201elokale\u201c Probleme (einzelne Ampelschaltungen\/\u00dcberwege) gibt es erfreulicherweise einen intensiven Dialog mit den B\u00fcrgern, z.B. bei Ortsbegehungen in Folge von B\u00fcrgerversammlungsempfehlungen oder bei <a href=\"https:\/\/www.muenchen-transparent.de\/antraege\/4769064\">Beantragung eines Nahmobilit\u00e4tskonzepts in Allach-Untermenzing f\u00fcr Radfahrer und Fu\u00dfg\u00e4nger<\/a>. Dieses kann aber zwei zentrale Probleme nicht l\u00f6sen:<br \/>\n(1) Den zunehmenden (LKW)-Verkehr durch daf\u00fcr viel zu kleine Stra\u00dfen im Stadtbezirk (s.o.) und<br \/>\n(2) den Unwillen eines kleinen Teils von Verkehrsteilnehmern, sich an die Verkehrsregeln zu halten (Beispiel:\u00a0<a href=\"https:\/\/deref-gmx.net\/mail\/client\/yVI3LQdbGOg\/dereferrer\/?redirectUrl=http%3A%2F%2Figvau.de%2F%3Fp%3D314\">http:\/\/igvau.de\/?p=314<\/a>).<br \/>\nHierzu werden dringend L\u00f6sungen ben\u00f6tigt.<\/li>\n<li>Von Seiten der Bundespolitik scheint hier Einiges in Bewegung zu kommen und Modellst\u00e4dte (z.B. Bonn und Essen) haben in relativ kurzer Zeit Gesamtkonzepte entwickelt, Stichwort \u201e<a href=\"https:\/\/www.bundesregierung.de\/Content\/DE\/Infodienst\/2017\/11\/2017-11-30-kommunalgipfel\/2017-11-30-saubere-luft-in-den-staedten.html\">Sofortprogramm saubere Luft<\/a>\u201c.<\/li>\n<li>Sicherlich gibt es solche \u00dcberlegungen auch in M\u00fcnchen. Zumindest f\u00fcr unseren Stadtbezirk kommen diese aber nicht bei den B\u00fcrgern an. Dass gut vernetzte und einflussreiche Bezirksausschussmitglieder hier \u201edas Handtuch werfen\u201c, und ihr Mandat zur\u00fcckgeben, ist aus B\u00fcrgersicht befremdlich. BA-Politiker mit langer Erfahrung sprechen immer wieder davon, dass es sich bei der Verwaltung um einen \u201eStaat im Staate\u201c handle, der dem politischen Gestaltungswillen deutliche Grenzen setze.<\/li>\n<li>All das kontrastiert mit der seitens der Bundesregierung und im Koalitionsvertrag deutlich ge\u00e4u\u00dferten Absicht, mehr B\u00fcrgern\u00e4he und Transparenz zu schaffen. Als B\u00fcrger kann man hier den Eindruck gewinnen, in \u201ezwei Welten\u201c zu leben. Zumindest w\u00fcsste man gerne, wie \u201eB\u00fcrgern\u00e4he und Transparenz\u201c konkret beim Thema &#8222;Verkehrskonzept M\u00fcnchner Westen&#8220; f\u00fcr unseren Stadtbezirk aussehen sollen.<\/li>\n<\/ul>\n<p><strong>Fragen<\/strong><\/p>\n<ul>\n<li>Wie kann man sich als B\u00fcrger (und daher Nicht-Fachexperte) am besten zum Stand der Planungen \u201eVerkehrskonzept M\u00fcnchner Westen\u201c informieren? (Alternative Varianten, pro\/contra der verschiedenen L\u00f6sungen, rechtliche Rahmenbedingungen etc.) Das Thema ist sicherlich sehr komplex und voller Zielkonflikte, daher w\u00e4re eine kurze und laientaugliche \u201eVerdichtung\u201c der Diskussionsst\u00e4nde hilfreich. Ohne solche Quellen ist die Diskussion zwischen B\u00fcrgern und Politikern leider oft sehr emotionsgeladen und nicht zielf\u00fchrend.<\/li>\n<li>Warum dauert die Erstellung eines Verkehrskonzeptes so lange? Forderungen danach bestehen ja mindestens seit 2012, wenn nicht seit Jahrzehnten.\n<ul>\n<li>Liegt es in der Komplexit\u00e4t des Problems?<\/li>\n<li>Sind die personellen Ressourcen in der Stadtverwaltung nicht ausreichend?<\/li>\n<li>Sind die Abstimmungsprozesse zu komplex?<\/li>\n<li>Oder gibt es andere Gr\u00fcnde (z.B. politischer Unwille)?<\/li>\n<\/ul>\n<\/li>\n<li>Und vor allem: Was m\u00fcsste sich konkret \u00e4ndern (in Ressourcen und ggf. auch Gesetzgebung), damit es m\u00f6glichst bald ein zukunftstaugliches Verkehrskonzept f\u00fcr den Stadtbezirk gibt?<\/li>\n<\/ul>\n","protected":false},"excerpt":{"rendered":"<p>Auf der B\u00fcrgerversammlung im Sommer 2017 hatten wir gefordert, dass unser Stadtbezirk in die Erstellung eines Verkehrskonzeptes f\u00fcr den M\u00fcnchner<\/p>\n","protected":false},"author":1,"featured_media":0,"comment_status":"open","ping_status":"open","sticky":false,"template":"","format":"standard","meta":{"footnotes":""},"categories":[9,12],"tags":[],"class_list":["post-340","post","type-post","status-publish","format-standard","hentry","category-umwelt","category-verkehrskonzept"],"_links":{"self":[{"href":"http:\/\/igvau.de\/index.php?rest_route=\/wp\/v2\/posts\/340","targetHints":{"allow":["GET"]}}],"collection":[{"href":"http:\/\/igvau.de\/index.php?rest_route=\/wp\/v2\/posts"}],"about":[{"href":"http:\/\/igvau.de\/index.php?rest_route=\/wp\/v2\/types\/post"}],"author":[{"embeddable":true,"href":"http:\/\/igvau.de\/index.php?rest_route=\/wp\/v2\/users\/1"}],"replies":[{"embeddable":true,"href":"http:\/\/igvau.de\/index.php?rest_route=%2Fwp%2Fv2%2Fcomments&post=340"}],"version-history":[{"count":1,"href":"http:\/\/igvau.de\/index.php?rest_route=\/wp\/v2\/posts\/340\/revisions"}],"predecessor-version":[{"id":341,"href":"http:\/\/igvau.de\/index.php?rest_route=\/wp\/v2\/posts\/340\/revisions\/341"}],"wp:attachment":[{"href":"http:\/\/igvau.de\/index.php?rest_route=%2Fwp%2Fv2%2Fmedia&parent=340"}],"wp:term":[{"taxonomy":"category","embeddable":true,"href":"http:\/\/igvau.de\/index.php?rest_route=%2Fwp%2Fv2%2Fcategories&post=340"},{"taxonomy":"post_tag","embeddable":true,"href":"http:\/\/igvau.de\/index.php?rest_route=%2Fwp%2Fv2%2Ftags&post=340"}],"curies":[{"name":"wp","href":"https:\/\/api.w.org\/{rel}","templated":true}]}}