{"id":321,"date":"2018-01-14T14:09:22","date_gmt":"2018-01-14T13:09:22","guid":{"rendered":"http:\/\/igvau.de\/?p=321"},"modified":"2018-01-14T23:45:20","modified_gmt":"2018-01-14T22:45:20","slug":"buerger-messen-feinstaub-selbst","status":"publish","type":"post","link":"http:\/\/igvau.de\/?p=321","title":{"rendered":"B\u00fcrger messen Feinstaub selbst"},"content":{"rendered":"<p>Hier ist eine interessante Idee des Vereins &#8222;Frankenstaub&#8220; aus N\u00fcrnberg: Statt jahrelang erfolglose Antr\u00e4ge an die Stadt zu stellen, werden B\u00fcrger selbst aktiv und messen die Feinstaubbelastung in ihrem Stadtteil. Details unter folgenden Links:<\/p>\n<p><a href=\"http:\/\/www.infranken.de\/regional\/nuernberg\/so-schlecht-ist-die-luft-in-wuerzburg-und-nuernberg-buerger-basteln-sich-messgeraete;art88523,3083677\">http:\/\/www.infranken.de\/regional\/nuernberg\/so-schlecht-ist-die-luft-in-wuerzburg-und-nuernberg-buerger-basteln-sich-messgeraete;art88523,3083677<\/a><\/p>\n<p><a href=\"https:\/\/www.br.de\/mediathek\/video\/frankenstaub-feinstaub-selber-messen-av:5a392279c50daa0018522949?t=10s\">https:\/\/www.br.de\/mediathek\/video\/frankenstaub-feinstaub-selber-messen-av:5a392279c50daa0018522949?t=10s<\/a><\/p>\n<p>&nbsp;<\/p>\n","protected":false},"excerpt":{"rendered":"<p>Hier ist eine interessante Idee des Vereins &#8222;Frankenstaub&#8220; aus N\u00fcrnberg: Statt jahrelang erfolglose Antr\u00e4ge an die Stadt zu stellen, werden<\/p>\n","protected":false},"author":1,"featured_media":0,"comment_status":"open","ping_status":"open","sticky":false,"template":"","format":"standard","meta":{"footnotes":""},"categories":[9],"tags":[],"class_list":["post-321","post","type-post","status-publish","format-standard","hentry","category-umwelt"],"_links":{"self":[{"href":"http:\/\/igvau.de\/index.php?rest_route=\/wp\/v2\/posts\/321","targetHints":{"allow":["GET"]}}],"collection":[{"href":"http:\/\/igvau.de\/index.php?rest_route=\/wp\/v2\/posts"}],"about":[{"href":"http:\/\/igvau.de\/index.php?rest_route=\/wp\/v2\/types\/post"}],"author":[{"embeddable":true,"href":"http:\/\/igvau.de\/index.php?rest_route=\/wp\/v2\/users\/1"}],"replies":[{"embeddable":true,"href":"http:\/\/igvau.de\/index.php?rest_route=%2Fwp%2Fv2%2Fcomments&post=321"}],"version-history":[{"count":1,"href":"http:\/\/igvau.de\/index.php?rest_route=\/wp\/v2\/posts\/321\/revisions"}],"predecessor-version":[{"id":322,"href":"http:\/\/igvau.de\/index.php?rest_route=\/wp\/v2\/posts\/321\/revisions\/322"}],"wp:attachment":[{"href":"http:\/\/igvau.de\/index.php?rest_route=%2Fwp%2Fv2%2Fmedia&parent=321"}],"wp:term":[{"taxonomy":"category","embeddable":true,"href":"http:\/\/igvau.de\/index.php?rest_route=%2Fwp%2Fv2%2Fcategories&post=321"},{"taxonomy":"post_tag","embeddable":true,"href":"http:\/\/igvau.de\/index.php?rest_route=%2Fwp%2Fv2%2Ftags&post=321"}],"curies":[{"name":"wp","href":"https:\/\/api.w.org\/{rel}","templated":true}]}}