{"id":314,"date":"2018-01-14T13:44:07","date_gmt":"2018-01-14T12:44:07","guid":{"rendered":"http:\/\/igvau.de\/?p=314"},"modified":"2018-04-17T20:48:17","modified_gmt":"2018-04-17T19:48:17","slug":"ideen-fuer-konkrete-verbesserungsmoeglichkeiten-der-verkehrssicherheit-im-stadtbezirk-allach-untermenzing-und-entsprechende-antraege-an-die-verwaltung","status":"publish","type":"post","link":"http:\/\/igvau.de\/?p=314","title":{"rendered":"Ideen f\u00fcr konkrete Verbesserungsm\u00f6glichkeiten der Verkehrssicherheit"},"content":{"rendered":"<h3>Idee 1: Erarbeitung von Ma\u00dfnahmen f\u00fcr die effiziente Durchsetzung bestehender Parkregelungen<\/h3>\n<p>Als Beispiel hier ein Foto von einer typischen Situation an der Ecke Behringstra\u00dfe\/Nigglstra\u00dfe:<\/p>\n<p><a href=\"http:\/\/igvau.de\/?attachment_id=315\" rel=\"attachment wp-att-315\"><img loading=\"lazy\" decoding=\"async\" class=\"alignnone wp-image-315 size-full\" src=\"http:\/\/igvau.de\/wp-content\/uploads\/2018\/01\/Blog01-Bild1-Parksituation.jpg\" alt=\"\" width=\"872\" height=\"654\" srcset=\"http:\/\/igvau.de\/wp-content\/uploads\/2018\/01\/Blog01-Bild1-Parksituation.jpg 872w, http:\/\/igvau.de\/wp-content\/uploads\/2018\/01\/Blog01-Bild1-Parksituation-300x225.jpg 300w, http:\/\/igvau.de\/wp-content\/uploads\/2018\/01\/Blog01-Bild1-Parksituation-768x576.jpg 768w, http:\/\/igvau.de\/wp-content\/uploads\/2018\/01\/Blog01-Bild1-Parksituation-816x612.jpg 816w\" sizes=\"auto, (max-width: 872px) 100vw, 872px\" \/><\/a><\/p>\n<p>Zu\u00a0 solchen Situationen gab es\u00a0 z.B. in den B\u00fcrgersprechstunden schon Diskussionen. Die Problemlage aus unserer Sicht:<\/p>\n<ul>\n<li>Situation ist gef\u00e4hrlich, da man die von rechts kommenden Rad- und Autofahrer nicht sieht und diese umgekehrt auch einfach &#8222;durchrauschen&#8220;, da sie zu Recht Vorfahrt reklamieren. Der von vorne kommende Rad- oder Autofahrer sieht sie aber nicht.<\/li>\n<li>Schilder bringen nichts(?), da eigentlich jeder wei\u00df, dass man so nicht parken darf.<\/li>\n<li>Polizei sieht das als Lappalie und kommt nicht.<\/li>\n<li>Kommunale Verkehrs\u00fcberwachung ist v\u00f6llig \u00fcberlastet und kommt auch nicht.<\/li>\n<li>Andere L\u00f6sungen scheiden aus, weil man die &#8222;Hoheitsrechte&#8220; nicht an kommerzielle Anbieter abgeben will.<\/li>\n<li>Was bleibt also? Dass man das einfach so bel\u00e4sst, finden wir keine L\u00f6sung.<\/li>\n<li>Eine M\u00f6glichkeit k\u00f6nnte sein, dass man den B\u00fcrgern eine Anzeige erheblich erleichtert (z.B. \u00fcber eine zu schaffende App der Polizeidienststelle, auch hier Stichwort &#8222;Open Government&#8220;. <a href=\"https:\/\/netzpolitik.org\/2016\/ergaenzung-bisheriger-kanaele-studie-zu-crowdbasiertem-beschwerdemanagent-auf-kommunaler-ebene\/\" target=\"_blank\" rel=\"noopener\">Ein positives Beispiel ist offenbar Linz<\/a>).<\/li>\n<\/ul>\n<p>Obiges Problem ist beispielhaft und gilt v\u00f6llig analog f\u00fcr diverse Stellen (Fahren \u00fcber den Gehweg auf der Eversbuschstra\u00dfe im Schulwegbereich etc.).<\/p>\n<p>Wir k\u00f6nnen mit unseren jeweiligen Beobachtungen keinen Anspruch auf Vollst\u00e4ndigkeit erheben, deshalb die folgende<\/p>\n<h3>Idee 2: Systematische Erhebung der von B\u00fcrgern wahrgenommenen Gefahrenstellen im Stadtbezirk und L\u00f6sungsvorschl\u00e4ge<\/h3>\n<p>Das k\u00f6nnte z.B. durch ein einseitiges DIN A4-Formular geschehen, das man in Gesch\u00e4ften auslegt und im Internet ver\u00f6ffentlicht (Website BA oder gerne auch unsere Vereinswebsite). Auf diese &#8222;Umfrage&#8220; k\u00f6nnte z.B. auch in den Lokalzeitungen aufmerksam gemacht werden. Ergebnis w\u00e4re ein &#8222;Kompendium&#8220;, analog dem Gefahren-Atlas der SZ, aber detaillierter f\u00fcr den Stadtbezirk.<\/p>\n<p>Analyse\u00a0 der bestehenden Rad- bzw. &#8222;Pseudo-Radwege&#8220; &#8211; Kartierung und Feststellen wo diese abbrechen\u00a0 &#8211; Beipiele: Franz-Ni\u00dfl-Str., H\u00f6cherstr., Paul-Ehrlich-Weg&#8230;<\/p>\n<h3>Idee 3: Schnellstm\u00f6gliche \u00c4nderung der Gefahrensituation an der Ecke Eversbuschstra\u00dfe\/Ludwigsfelder Stra\u00dfe<\/h3>\n<p>Zugegeben: Das Thema Bebauungsplan; Klagen durch die Stadt etc. ist bekannt; es sollte u.E. als Forderung weiter erhoben werden. Es scheint auch eine &#8222;Unwucht&#8220; vorzuliegen, wenn Eigentumsrechte, wie es scheint, deutlich st\u00e4rker z\u00e4hlen als Verkehrssicherheit. Nat\u00fcrlich darf hier auf keinen Fall Stimmung gegen einzelne Eigner gemacht werden und die Frage eines angemessenen Preises ist sicherlich sehr wichtig. Es sollte aber seitens der Stadt (oder eher der Gerichte) dargestellt werden, wieso ganz allgemein die rechtliche &#8222;G\u00fcterabw\u00e4gung&#8220; in einem solchen Fall auch bei sehr hohen von der Stadt gezahlten Preisen immer zu Gunsten von Grundst\u00fcckseigent\u00fcmern ausf\u00e4llt und welche Gesetzes\u00e4nderungen zumindest theoretisch notwendig w\u00e4ren um das zu \u00e4ndern.<\/p>\n<h3>Idee 4: Einrichtung von Querungsm\u00f6glichkeiten der Eversbuschstra\u00dfe auf H\u00f6he der Esmarchstra\u00dfe und der St. Johann-Stra\u00dfe<\/h3>\n<p>Kinder, die in H\u00f6he der St. Johann-Stra\u00dfe wohnen, sind an der Grenze des Schulsprengels. Ein gemeinsames Schulweggehen mit Mitsch\u00fclern w\u00e4re je nach Klassensituation nur bei anf\u00e4nglicher \u00dcberquerung der Eversbuschsstra\u00dfe m\u00f6glich und scheidet daher aus. An dieser Stelle ist auch eine Hausarztpraxis, die von vielen \u00e4lteren B\u00fcrgern genutzt wird und die zumindest auf dem Weg zur Apotheke die Stra\u00dfe ohne Ampel \u00fcberqueren m\u00fcssen. Au\u00dferdem befindet sich in der St. Johann-Str. das FAM (Mutter-Kind-Zentrum) in der Epiphaniaskirche und daher queren an dieser Stelle viele M\u00fctter mit u. a. kleinen Kindern auf dem Laufrad die Eversbuschstra\u00dfe.<\/p>\n<h3>Idee 5: Ber\u00fccksichtigung der Fahrradsicherheit rund ums &#8222;Evers&#8220;<\/h3>\n<p>Die Situation in der Vesaliusstra\u00dfe, Franz-Ni\u00dfl-Str., Radweg Rei\u00dfm\u00fcllerstr. etc. sind durch hohen Verkehr und die Parksituation bedingt f\u00fcr Radfahrer kritisch. Pr\u00fcfung der Kennzeichung von Fahrstreifen oder \u00e4hnlicher Ma\u00dfnahmen.<\/p>\n<p>Entsch\u00e4rfung der Ausfahrten bei den Discountern und Planung von Radwegen von westlich der W\u00fcrm zum Evers.<\/p>\n<p>Gen\u00fcgend Radelpl\u00e4tze bei den Discountern, am Wochenende ist da teils wenig Platz. Zudem sind die so eng aufeinander gepfercht, dass das Einladen in 2 Packtaschen schwierig ist.<\/p>\n<h3>Idee 6: Ein kollektives Liefersystem f\u00fcr Anwohner im Stadtbezirk zur Reduktion von Auto-Ministrecken bei Besorgungsfahrten.<\/h3>\n<p>Das k\u00f6nnte z.B. beinhalten:<\/p>\n<ul>\n<li>einen &#8222;Lieferservice&#8220; f\u00fcr Eink\u00e4ufe von lokalen Gesch\u00e4ften<\/li>\n<li>einen Pool an Lasten-Leihr\u00e4dern, der nur im Stadtbezirk nutzbar ist (dadurch auch wirtschaftlich darstellbar, weil R\u00fcckgabe in begrenztem Gebiet). Als &#8222;Basisstation&#8220; hierf\u00fcr kommen aus unserer Sicht z.B. die neuen &#8222;Gro\u00dfbauten&#8220; in Frage (Oertelplatz oder &#8222;Hirmerei&#8220;).<\/li>\n<li>Vorfahrtsregelungen f\u00fcr solche Transportmittel<\/li>\n<\/ul>\n<h3>Idee 7: Ein koordiniertes und effizientes Leihr\u00e4dersystem f\u00fcr den Stadtbezirk.<\/h3>\n<p>Momentan beschweren sich ja schon viele \u00fcber &#8222;zu viele&#8220; Leihr\u00e4der. Gut w\u00e4re eine Koordination der mittlerweile 4 Anbieter, mit denen sich dann vielleicht auch von BA-Seite verhandeln l\u00e4sst? (im Gegenzug k\u00f6nnten die Anbieter Zusch\u00fcsse und gesonderte Abstellpl\u00e4tze erhalten). Ziel w\u00e4re, dass ausreichend viele R\u00e4der auch in der &#8222;Breite&#8220; im Stadtbezirk verf\u00fcgbar sind.<\/p>\n<h3>Idee 8: Analog Idee 7, nur f\u00fcr Carsharing.<\/h3>\n<h3>Idee 9: Eine &#8222;Mitfahrb\u00f6rse&#8220; f\u00fcr Pendler, die nicht mit \u00d6PNV vom Stadtbezirk zur Arbeit fahren.<\/h3>\n<p>Wenn das gut organisiert ist, lie\u00dfen sich vielleicht auch so einige Fahrten reduzieren.<\/p>\n<h3>Idee 10: LKW-Durchfahrtsverbot in der Eversbuschstra\u00dfe<\/h3>\n<p>Hierzu hatten wir ja einen Antrag auf der <a href=\"http:\/\/igvau.de\/?p=268\">B\u00fcrgerversammlung 2017<\/a> gestellt, der aber von der BV nicht angenommen wurde. Antrag und Begr\u00fcndung finden sich auf <a href=\"http:\/\/igvau.de\/wp-content\/uploads\/2017\/07\/BV-2017-LKW-Durchfahrtsverbot-Antrag-IGVAU.pdf\">unserer Website.<\/a><\/p>\n<h3>Idee 11: Erhebung von Statistiken zu den tats\u00e4chlich gefahrenen LKW-Wegen<\/h3>\n<ul>\n<li>&#8222;Was ist notwendiger Durchgangsverkehr, was nicht?&#8220;<\/li>\n<li>&#8222;Welche LKWs fahren wann woher wohin?&#8220;, etc.<\/li>\n<\/ul>\n<p>Das mag etwas theoretisch klingen, aber es gibt mittlerweile etliche kommerzielle Anbieter von Satellitendaten. Das w\u00e4re vielleicht ein interessantes Projekt f\u00fcr Schulen im Stadtbezirk (Oberstufe, Informatik), das der BA anregen\/f\u00f6rdern k\u00f6nnte, um auch junge Menschen f\u00fcr Politik zu interessieren (Stichwort &#8222;Open Government&#8220;).<\/p>\n<p>Folgende Szene ist ganz eindeutig kein notwendiger Durchgangsverkehr. Aufgenommen am 12.9.2017 gegen 9:00 morgens an der Ecke Behringstra\u00dfe(!)\/Nigglstra\u00dfe:<\/p>\n<p><a href=\"http:\/\/igvau.de\/?attachment_id=325\" rel=\"attachment wp-att-325\"><img loading=\"lazy\" decoding=\"async\" class=\"alignnone wp-image-325 size-large\" src=\"http:\/\/igvau.de\/wp-content\/uploads\/2018\/01\/Blog01-Bild2-LKW_in_Behringstr-1-1024x630.jpg\" alt=\"\" width=\"616\" height=\"379\" srcset=\"http:\/\/igvau.de\/wp-content\/uploads\/2018\/01\/Blog01-Bild2-LKW_in_Behringstr-1-1024x630.jpg 1024w, http:\/\/igvau.de\/wp-content\/uploads\/2018\/01\/Blog01-Bild2-LKW_in_Behringstr-1-300x185.jpg 300w, http:\/\/igvau.de\/wp-content\/uploads\/2018\/01\/Blog01-Bild2-LKW_in_Behringstr-1-768x473.jpg 768w, http:\/\/igvau.de\/wp-content\/uploads\/2018\/01\/Blog01-Bild2-LKW_in_Behringstr-1-816x502.jpg 816w, http:\/\/igvau.de\/wp-content\/uploads\/2018\/01\/Blog01-Bild2-LKW_in_Behringstr-1.jpg 1105w\" sizes=\"auto, (max-width: 616px) 100vw, 616px\" \/><\/a><\/p>\n","protected":false},"excerpt":{"rendered":"<p>Idee 1: Erarbeitung von Ma\u00dfnahmen f\u00fcr die effiziente Durchsetzung bestehender Parkregelungen Als Beispiel hier ein Foto von einer typischen Situation<\/p>\n","protected":false},"author":1,"featured_media":0,"comment_status":"open","ping_status":"open","sticky":false,"template":"","format":"standard","meta":{"footnotes":""},"categories":[2,3,5,6],"tags":[11,10],"class_list":["post-314","post","type-post","status-publish","format-standard","hentry","category-allgemein","category-eversbuschstrase","category-paul-ehrlich-weg-und-goteboldstrase","category-presse","tag-idee","tag-ideen"],"_links":{"self":[{"href":"http:\/\/igvau.de\/index.php?rest_route=\/wp\/v2\/posts\/314","targetHints":{"allow":["GET"]}}],"collection":[{"href":"http:\/\/igvau.de\/index.php?rest_route=\/wp\/v2\/posts"}],"about":[{"href":"http:\/\/igvau.de\/index.php?rest_route=\/wp\/v2\/types\/post"}],"author":[{"embeddable":true,"href":"http:\/\/igvau.de\/index.php?rest_route=\/wp\/v2\/users\/1"}],"replies":[{"embeddable":true,"href":"http:\/\/igvau.de\/index.php?rest_route=%2Fwp%2Fv2%2Fcomments&post=314"}],"version-history":[{"count":6,"href":"http:\/\/igvau.de\/index.php?rest_route=\/wp\/v2\/posts\/314\/revisions"}],"predecessor-version":[{"id":342,"href":"http:\/\/igvau.de\/index.php?rest_route=\/wp\/v2\/posts\/314\/revisions\/342"}],"wp:attachment":[{"href":"http:\/\/igvau.de\/index.php?rest_route=%2Fwp%2Fv2%2Fmedia&parent=314"}],"wp:term":[{"taxonomy":"category","embeddable":true,"href":"http:\/\/igvau.de\/index.php?rest_route=%2Fwp%2Fv2%2Fcategories&post=314"},{"taxonomy":"post_tag","embeddable":true,"href":"http:\/\/igvau.de\/index.php?rest_route=%2Fwp%2Fv2%2Ftags&post=314"}],"curies":[{"name":"wp","href":"https:\/\/api.w.org\/{rel}","templated":true}]}}