{"id":292,"date":"2017-10-10T20:52:24","date_gmt":"2017-10-10T19:52:24","guid":{"rendered":"http:\/\/igvau.de\/?p=292"},"modified":"2017-10-10T22:37:23","modified_gmt":"2017-10-10T21:37:23","slug":"antrag-auf-tempo-30-gestellt","status":"publish","type":"post","link":"http:\/\/igvau.de\/?p=292","title":{"rendered":"Antrag auf Tempo 30 gestellt"},"content":{"rendered":"<p>In der Sitzung des Bezirksauschusses am 10. Oktober hat Martin Hafner im Namen der IGVAU wiederholt den Antrag auf Einf\u00fchrung von Tempo 30 in der Eversbuschstra\u00dfe gestellt.<br \/>\nIn der vorangegangenen Sitzung war ein von Herrn Fuckerieder\/SPD in Abstimmung mit der IGVAU gestellte Antrag abgelehnt worden &#8211; mit den Begr\u00fcndungen &#8222;Tempo 30 f\u00fchre Studien zufolge eher zu einer Verschlechterung der Sicherheit, da Autofahrer schnell ungeduldig w\u00fcrden, wenn sie nur langsam vorw\u00e4rtsk\u00e4men&#8220;, &#8222;auch die Anwohner wollen kein Tempo 30&#8220;,\u00a0 &#8222;Hauptproblem ist der Verkehr, da muss der Autobahnring S\u00fcd gebaut werden&#8220; und &#8222;morgens ist Stau, da f\u00e4hrt niemand 50&#8220; (vgl. <a href=\"http:\/\/www.sueddeutsche.de\/muenchen\/allachuntermenzing-tempo-ausgebremst-1.3701418\">SZ vom 10.10.2017<\/a>)<br \/>\nDa diese Aussagen unserer Ansicht nach keine Begr\u00fcndungen sind, haben wir die <strong>drei Argumente f\u00fcr Tempo 30<\/strong> nochmals angef\u00fchrt:<\/p>\n<ol>\n<li><strong>Sicherheit <\/strong>&#8211; das Queren der Stra\u00dfe ist an vielen Stellen beim aktuellen Tempo 50 nicht (sicher) m\u00f6glich<\/li>\n<li><strong>Emissionsschutz <\/strong>&#8211; die <a href=\"https:\/\/www.bestellen.bayern.de\/application\/applstarter?APPL=eshop&amp;DIR=eshop&amp;ACTIONxSETVAL(artdtl.htm,APGxNODENR:1326,AARTxNR:lfu_luft_00192,AARTxNODENR:345381,USERxBODYURL:artdtl.htm,KATALOG:StMUG,AKATxNAME:StMUG,ALLE:x)=X\">Untersuchung<\/a> des Landesamts f\u00fcr Umwelt vom November 2015 belegt, dass Stellen mit Tempo 50 eine h\u00f6here Belastung haben<\/li>\n<li><strong>L\u00e4rmschutz <\/strong>&#8211; dazu hat z.B. das Bayerische Verwaltungsgericht am 20.03.2017 im Sinne der Anwohner der Allacher Stra\u00dfe <a href=\"https:\/\/www.wochenanzeiger-muenchen.de\/allach-menzing\/ziel-erreicht,88873.html\">f\u00fcr Tempo 30 entschieden (Wochenanzeiger)<\/a>.<\/li>\n<\/ol>\n<p>In der Folge wurden die Positionen ausgetauscht. Die IGVAU wird an dem Thema dran bleiben &#8211; n\u00f6tigenfalls mit \u00e4hnlichen Mitteln wie sie in der Allacher Stra\u00dfe zu mehr Sicherheit und Anwohnerschutz gef\u00fchrt haben.<\/p>\n<figure id=\"attachment_295\" aria-describedby=\"caption-attachment-295\" style=\"width: 221px\" class=\"wp-caption alignnone\"><a href=\"http:\/\/igvau.de\/?attachment_id=295\" rel=\"attachment wp-att-295\"><img loading=\"lazy\" decoding=\"async\" class=\"size-medium wp-image-295\" src=\"http:\/\/igvau.de\/wp-content\/uploads\/2017\/10\/10_2017_Antrag-Tempo-30-BA-Sitzung-221x300.jpg\" alt=\"\" width=\"221\" height=\"300\" srcset=\"http:\/\/igvau.de\/wp-content\/uploads\/2017\/10\/10_2017_Antrag-Tempo-30-BA-Sitzung-221x300.jpg 221w, http:\/\/igvau.de\/wp-content\/uploads\/2017\/10\/10_2017_Antrag-Tempo-30-BA-Sitzung-768x1043.jpg 768w, http:\/\/igvau.de\/wp-content\/uploads\/2017\/10\/10_2017_Antrag-Tempo-30-BA-Sitzung-754x1024.jpg 754w, http:\/\/igvau.de\/wp-content\/uploads\/2017\/10\/10_2017_Antrag-Tempo-30-BA-Sitzung-816x1108.jpg 816w\" sizes=\"auto, (max-width: 221px) 100vw, 221px\" \/><\/a><figcaption id=\"caption-attachment-295\" class=\"wp-caption-text\">Antrag Tempo 30 10.10.2017 Martin Hafner<\/figcaption><\/figure>\n","protected":false},"excerpt":{"rendered":"<p>In der Sitzung des Bezirksauschusses am 10. Oktober hat Martin Hafner im Namen der IGVAU wiederholt den Antrag auf Einf\u00fchrung<\/p>\n","protected":false},"author":1,"featured_media":0,"comment_status":"open","ping_status":"open","sticky":false,"template":"","format":"standard","meta":{"footnotes":""},"categories":[3,6,9],"tags":[],"class_list":["post-292","post","type-post","status-publish","format-standard","hentry","category-eversbuschstrase","category-presse","category-umwelt"],"_links":{"self":[{"href":"http:\/\/igvau.de\/index.php?rest_route=\/wp\/v2\/posts\/292","targetHints":{"allow":["GET"]}}],"collection":[{"href":"http:\/\/igvau.de\/index.php?rest_route=\/wp\/v2\/posts"}],"about":[{"href":"http:\/\/igvau.de\/index.php?rest_route=\/wp\/v2\/types\/post"}],"author":[{"embeddable":true,"href":"http:\/\/igvau.de\/index.php?rest_route=\/wp\/v2\/users\/1"}],"replies":[{"embeddable":true,"href":"http:\/\/igvau.de\/index.php?rest_route=%2Fwp%2Fv2%2Fcomments&post=292"}],"version-history":[{"count":7,"href":"http:\/\/igvau.de\/index.php?rest_route=\/wp\/v2\/posts\/292\/revisions"}],"predecessor-version":[{"id":300,"href":"http:\/\/igvau.de\/index.php?rest_route=\/wp\/v2\/posts\/292\/revisions\/300"}],"wp:attachment":[{"href":"http:\/\/igvau.de\/index.php?rest_route=%2Fwp%2Fv2%2Fmedia&parent=292"}],"wp:term":[{"taxonomy":"category","embeddable":true,"href":"http:\/\/igvau.de\/index.php?rest_route=%2Fwp%2Fv2%2Fcategories&post=292"},{"taxonomy":"post_tag","embeddable":true,"href":"http:\/\/igvau.de\/index.php?rest_route=%2Fwp%2Fv2%2Ftags&post=292"}],"curies":[{"name":"wp","href":"https:\/\/api.w.org\/{rel}","templated":true}]}}