{"id":106,"date":"2016-11-07T22:52:24","date_gmt":"2016-11-07T20:52:24","guid":{"rendered":"https:\/\/igvau.wordpress.com\/?p=106"},"modified":"2016-12-10T23:00:36","modified_gmt":"2016-12-10T22:00:36","slug":"ortsbegehung-der-eversbuschstrasse-am-2-11-2016","status":"publish","type":"post","link":"http:\/\/igvau.de\/?p=106","title":{"rendered":"Ortsbegehung der Eversbuschstra\u00dfe am 18.10.2016"},"content":{"rendered":"<p>Eversbuchstrasse\/Schulwege<\/p>\n<p>Die Eversbuschstra\u00dfe ist als Dorfstra\u00dfe angelegt. Genutzt wird sie aber als Hauptverkehrsstra\u00dfe. Vor allem morgens zwischen 7:00 und 8:00 Uhr f\u00fchren der massive LKW-Verkehr, eine immer gr\u00f6\u00dfere Anzahl von PKWs und eine r\u00fccksichtslose Fahrweise t\u00e4glich zu gef\u00e4hrlichen Situationen. Gefahren bestehen f\u00fcr Radfahrer und Fu\u00dfg\u00e4nger, vor allem aber f\u00fcr die Schulkinder der Grundschulen an der Eversbuschstra\u00dfe und des Schulzentrums in der Pfarrer-Grimm Stra\u00dfe. Ohne Schulweghelfer w\u00e4re diese Situation v\u00f6llig untragbar, aber auch die Schulweghelfer k\u00f6nnen leider nicht zu allen Zeiten pr\u00e4sent sein und jede Gefahrenstelle abdecken.<\/p>\n<p>Am 18.10.2016 wurde die ausf\u00fchrliche Ortsbegehung der Eversbuschstra\u00dfe durchgef\u00fchrt, die u.a. durch unsere B\u00fcrgerversammlungsantr\u00e4ge zustande kam. Sie hat insgesamt 30(!) Gefahrenstellen identifiziert. <\/p>\n<p>Teilnehmer waren Mitglieder der Stadtverwaltung, des Bezirksausschusses 23, der zust\u00e4ndigen Polizeiinspektion Moosach, einige IGVAU-Vereinsmitglieder und weitere B\u00fcrgerinnen und B\u00fcrger.<\/p>\n<p>Hier sind<\/p>\n<ul>\n<li>das <a title=\"10_2016_eversbuschstrase_protokoll_18_10\" href=\"http:\/\/igvau.de\/wp-content\/uploads\/2016\/11\/10_2016_eversbuschstrac39fe_protokoll_18_10.pdf\">Protokoll<\/a><\/li>\n<li>die <a title=\"10_2016_eversbuschstrase_tabelle\" href=\"http:\/\/igvau.de\/wp-content\/uploads\/2016\/11\/10_2016_eversbuschstrac39fe_tabelle.pdf\">Tabelle der to-dos<\/a><\/li>\n<li>die <a href=\"http:\/\/igvau.de\/wp-content\/uploads\/2016\/11\/10_2016_eversbuschstrac39fe_teilnehmer.pdf\">Teilnehmerliste<\/a><\/li>\n<li>die <a href=\"http:\/\/igvau.de\/wp-content\/uploads\/2016\/11\/eversbuschstrac39fe_ummarkierung_parkbucht.pdf\">Ummarkierung Parkbucht<\/a><\/li>\n<\/ul>\n<p>&nbsp;<\/p>\n","protected":false},"excerpt":{"rendered":"<p>Eversbuchstrasse\/Schulwege Die Eversbuschstra\u00dfe ist als Dorfstra\u00dfe angelegt. Genutzt wird sie aber als Hauptverkehrsstra\u00dfe. Vor allem morgens zwischen 7:00 und 8:00<\/p>\n","protected":false},"author":1,"featured_media":0,"comment_status":"open","ping_status":"open","sticky":false,"template":"","format":"standard","meta":{"footnotes":""},"categories":[3],"tags":[],"class_list":["post-106","post","type-post","status-publish","format-standard","hentry","category-eversbuschstrase"],"_links":{"self":[{"href":"http:\/\/igvau.de\/index.php?rest_route=\/wp\/v2\/posts\/106","targetHints":{"allow":["GET"]}}],"collection":[{"href":"http:\/\/igvau.de\/index.php?rest_route=\/wp\/v2\/posts"}],"about":[{"href":"http:\/\/igvau.de\/index.php?rest_route=\/wp\/v2\/types\/post"}],"author":[{"embeddable":true,"href":"http:\/\/igvau.de\/index.php?rest_route=\/wp\/v2\/users\/1"}],"replies":[{"embeddable":true,"href":"http:\/\/igvau.de\/index.php?rest_route=%2Fwp%2Fv2%2Fcomments&post=106"}],"version-history":[{"count":3,"href":"http:\/\/igvau.de\/index.php?rest_route=\/wp\/v2\/posts\/106\/revisions"}],"predecessor-version":[{"id":224,"href":"http:\/\/igvau.de\/index.php?rest_route=\/wp\/v2\/posts\/106\/revisions\/224"}],"wp:attachment":[{"href":"http:\/\/igvau.de\/index.php?rest_route=%2Fwp%2Fv2%2Fmedia&parent=106"}],"wp:term":[{"taxonomy":"category","embeddable":true,"href":"http:\/\/igvau.de\/index.php?rest_route=%2Fwp%2Fv2%2Fcategories&post=106"},{"taxonomy":"post_tag","embeddable":true,"href":"http:\/\/igvau.de\/index.php?rest_route=%2Fwp%2Fv2%2Ftags&post=106"}],"curies":[{"name":"wp","href":"https:\/\/api.w.org\/{rel}","templated":true}]}}